{"id":23946,"date":"2022-09-30T17:18:45","date_gmt":"2022-09-30T17:18:45","guid":{"rendered":"https:\/\/www.agriatv.hu\/?p=23946"},"modified":"2022-09-30T17:18:46","modified_gmt":"2022-09-30T17:18:46","slug":"kigunyolta-ezert-szurta-mellkason","status":"publish","type":"post","link":"https:\/\/www.agriatv.hu\/?p=23946","title":{"rendered":"Kig\u00fanyolta, ez\u00e9rt sz\u00farta mellkason"},"content":{"rendered":"<div class=\"wp-block-image\">\n<figure class=\"alignleft is-resized\"><img loading=\"lazy\" decoding=\"async\" src=\"https:\/\/cdn.tenyek.hu\/media\/1\/18\/18c15371b6c7aa23875782595a2fd5a9.jpg\" alt=\"Media player poster frame\" width=\"200\" height=\"112\"\/><\/figure>\n<\/div>\n\n\n<p>Majdnem trag\u00e9di\u00e1val v\u00e9gz\u0151d\u00f6tt egy bar\u00e1ti \u00f6sszej\u00f6vetel a Heves megyei Ludason. A fiatalok p\u00e1link\u00e1ztak, mikor egyik\u00fck azt hallotta, hogy ismer\u0151se \u0151t g\u00fanyolja. Ezen annyira feld\u00fch\u00edtette mag\u00e1t, hogy felkapott egy konyhak\u00e9st \u00e9s mellkason sz\u00farta vele a f\u00e9rfit. A k\u00e9sel\u0151 megb\u00e1nta tett\u00e9t, a csal\u00e1dja sem \u00e9rti, hogy mi t\u00f6rt\u00e9nt vele. A f\u00e9rfi ak\u00e1r 15 \u00e9v b\u00f6rt\u00f6nb\u00fcntet\u00e9st is kaphat.<\/p>\n\n\n\n<div style=\"width: 100%; height: 0px; position: relative; padding-bottom: 56%;\"><iframe src=\"https:\/\/tenyek.hu\/embed\/26615_kigunyolta-ezert-szurta-mellkason?autoplay=0\" frameborder=\"0\" allowfullscreen=\"true\" style=\"width: 100%; height: 100%; position: absolute;\"><\/iframe><\/div>\n","protected":false},"excerpt":{"rendered":"<p>Majdnem trag\u00e9di\u00e1val v\u00e9gz\u0151d\u00f6tt egy bar\u00e1ti \u00f6sszej\u00f6vetel a Heves megyei Ludason. A fiatalok p\u00e1link\u00e1ztak, mikor egyik\u00fck azt hallotta, hogy ismer\u0151se \u0151t g\u00fanyolja. Ezen annyira feld\u00fch\u00edtette mag\u00e1t, hogy felkapott egy konyhak\u00e9st \u00e9s mellkason sz\u00farta vele a f\u00e9rfit. A k\u00e9sel\u0151 megb\u00e1nta tett\u00e9t, a csal\u00e1dja sem \u00e9rti, hogy mi t\u00f6rt\u00e9nt vele. A f\u00e9rfi ak\u00e1r 15 \u00e9v b\u00f6rt\u00f6nb\u00fcntet\u00e9st is kaphat.<\/p>\n","protected":false},"author":4,"featured_media":0,"comment_status":"open","ping_status":"closed","sticky":false,"template":"","format":"standard","meta":{"footnotes":""},"categories":[5],"tags":[71,1431,487,1329,2261,1965,2165],"class_list":["post-23946","post","type-post","status-publish","format-standard","hentry","category-kek-hirek","tag-birosag","tag-borton","tag-csalad","tag-kes","tag-ludas","tag-palinka","tag-szuras"],"_links":{"self":[{"href":"https:\/\/www.agriatv.hu\/index.php?rest_route=\/wp\/v2\/posts\/23946","targetHints":{"allow":["GET"]}}],"collection":[{"href":"https:\/\/www.agriatv.hu\/index.php?rest_route=\/wp\/v2\/posts"}],"about":[{"href":"https:\/\/www.agriatv.hu\/index.php?rest_route=\/wp\/v2\/types\/post"}],"author":[{"embeddable":true,"href":"https:\/\/www.agriatv.hu\/index.php?rest_route=\/wp\/v2\/users\/4"}],"replies":[{"embeddable":true,"href":"https:\/\/www.agriatv.hu\/index.php?rest_route=%2Fwp%2Fv2%2Fcomments&post=23946"}],"version-history":[{"count":1,"href":"https:\/\/www.agriatv.hu\/index.php?rest_route=\/wp\/v2\/posts\/23946\/revisions"}],"predecessor-version":[{"id":23947,"href":"https:\/\/www.agriatv.hu\/index.php?rest_route=\/wp\/v2\/posts\/23946\/revisions\/23947"}],"wp:attachment":[{"href":"https:\/\/www.agriatv.hu\/index.php?rest_route=%2Fwp%2Fv2%2Fmedia&parent=23946"}],"wp:term":[{"taxonomy":"category","embeddable":true,"href":"https:\/\/www.agriatv.hu\/index.php?rest_route=%2Fwp%2Fv2%2Fcategories&post=23946"},{"taxonomy":"post_tag","embeddable":true,"href":"https:\/\/www.agriatv.hu\/index.php?rest_route=%2Fwp%2Fv2%2Ftags&post=23946"}],"curies":[{"name":"wp","href":"https:\/\/api.w.org\/{rel}","templated":true}]}}