{"id":23987,"date":"2022-10-27T16:55:53","date_gmt":"2022-10-27T16:55:53","guid":{"rendered":"https:\/\/www.agriatv.hu\/?p=23987"},"modified":"2022-10-27T16:59:52","modified_gmt":"2022-10-27T16:59:52","slug":"gyilkossaggal-fenyegettek-a-rendoroket","status":"publish","type":"post","link":"https:\/\/www.agriatv.hu\/?p=23987","title":{"rendered":"Gyilkoss\u00e1ggal fenyegett\u00e9k a rend\u0151r\u00f6ket"},"content":{"rendered":"<div class=\"wp-block-image\">\n<figure class=\"alignleft is-resized\"><img loading=\"lazy\" decoding=\"async\" src=\"https:\/\/cdn.tenyek.hu\/media\/c\/c0\/c0a47746b71ebff65f44a5c426a838b3.jpg\" alt=\"Media player poster frame\" width=\"225\" height=\"126\"\/><\/figure>\n<\/div>\n\n\n<p>Csaknem 40 tarnazsad\u00e1nyi lakos fenyegette gyilkoss\u00e1ggal az int\u00e9zked\u0151 rend\u0151r\u00f6ket szerda este. Egy 20 \u00e9ves f\u00e9rfit fogtak el a telep\u00fcl\u00e9sen, mert az jogos\u00edtv\u00e1ny n\u00e9lk\u00fcl vezetett. A rend\u0151rs\u00e9g szerint a f\u00e9rfi ellen\u00e1llt, s\u0151t meg is l\u00f6kte a rend\u0151rt, mikor menek\u00fclni pr\u00f3b\u00e1lt. A f\u00e9rfi azonban ezt tagadja. A sz\u00fclei nyilatkoztak a T\u00e9nyeknek, azt mondj\u00e1k, szerint\u00fck a rend\u0151r\u00f6k viselkedtek agressz\u00edvan, a h\u00e1zban lak\u00f3kra pedig fegyvert fogtak.<\/p>\n\n\n\n<div style=\"width: 100%; height: 0px; position: relative; padding-bottom: 56%;\"><iframe src=\"https:\/\/tenyek.hu\/embed\/27527_gyilkossaggal-fenyegettek-a-rendoroket?autoplay=0\" frameborder=\"0\" allowfullscreen=\"true\" style=\"width: 100%; height: 100%; position: absolute;\"><\/iframe><\/div>\n\n\n\n<p>K\u00e1b\u00edt\u00f3szer hat\u00e1sa alatt, jogos\u00edtv\u00e1ny n\u00e9lk\u00fcl vezette aut\u00f3j\u00e1t, r\u00e1ad\u00e1sul nem \u00e1llt meg, amikor igazoltatni akart\u00e1k. Egy fiatalt vettek \u00fcld\u00f6z\u0151be a rend\u0151r\u00f6k szerd\u00e1n Tarnazsad\u00e1nyban. V\u00e9g\u00fcl a lak\u00e1s\u00e1n fogt\u00e1k el, az akci\u00f3 k\u00f6zben az egyik rend\u0151rt megl\u00f6kte. A helysz\u00ednen 30-40 f\u0151s csoport gy\u0171lt \u00f6ssze, a rend\u0151r\u00f6k szerint t\u00f6bben \u00e9letvesz\u00e9lyesen megfenyegett\u00e9k \u0151ket. A csal\u00e1d szerint rend\u0151ri t\u00falkap\u00e1s t\u00f6rt\u00e9nt, \u0151k azonban ezt c\u00e1folj\u00e1k.<\/p>\n\n\n\n<div style=\"width: 100%; height: 0px; position: relative; padding-bottom: 56%;\"><iframe src=\"https:\/\/embed.rtl.hu\/embed\/1982648?autoplay=0\" frameborder=\"0\" allowfullscreen=\"true\" style=\"width: 100%; height: 100%; position: absolute;\"><\/iframe><\/div>\n","protected":false},"excerpt":{"rendered":"<p>Csaknem 40 tarnazsad\u00e1nyi lakos fenyegette gyilkoss\u00e1ggal az int\u00e9zked\u0151 rend\u0151r\u00f6ket szerda este. Egy 20 \u00e9ves f\u00e9rfit fogtak el a telep\u00fcl\u00e9sen, mert az jogos\u00edtv\u00e1ny n\u00e9lk\u00fcl vezetett. A rend\u0151rs\u00e9g szerint a f\u00e9rfi ellen\u00e1llt, s\u0151t meg is l\u00f6kte a rend\u0151rt, mikor menek\u00fclni pr\u00f3b\u00e1lt. A f\u00e9rfi azonban ezt tagadja. A sz\u00fclei nyilatkoztak a T\u00e9nyeknek, azt mondj\u00e1k, szerint\u00fck a rend\u0151r\u00f6k viselkedtek [&#8230;]<\/p>\n","protected":false},"author":4,"featured_media":0,"comment_status":"open","ping_status":"closed","sticky":false,"template":"","format":"standard","meta":{"footnotes":""},"categories":[5],"tags":[1528,1121,1087,122,2569,3493],"class_list":["post-23987","post","type-post","status-publish","format-standard","hentry","category-kek-hirek","tag-drog","tag-ellenorzes","tag-jogositvany","tag-rendorseg","tag-tarnazsadany","tag-tomeg"],"_links":{"self":[{"href":"https:\/\/www.agriatv.hu\/index.php?rest_route=\/wp\/v2\/posts\/23987","targetHints":{"allow":["GET"]}}],"collection":[{"href":"https:\/\/www.agriatv.hu\/index.php?rest_route=\/wp\/v2\/posts"}],"about":[{"href":"https:\/\/www.agriatv.hu\/index.php?rest_route=\/wp\/v2\/types\/post"}],"author":[{"embeddable":true,"href":"https:\/\/www.agriatv.hu\/index.php?rest_route=\/wp\/v2\/users\/4"}],"replies":[{"embeddable":true,"href":"https:\/\/www.agriatv.hu\/index.php?rest_route=%2Fwp%2Fv2%2Fcomments&post=23987"}],"version-history":[{"count":2,"href":"https:\/\/www.agriatv.hu\/index.php?rest_route=\/wp\/v2\/posts\/23987\/revisions"}],"predecessor-version":[{"id":23990,"href":"https:\/\/www.agriatv.hu\/index.php?rest_route=\/wp\/v2\/posts\/23987\/revisions\/23990"}],"wp:attachment":[{"href":"https:\/\/www.agriatv.hu\/index.php?rest_route=%2Fwp%2Fv2%2Fmedia&parent=23987"}],"wp:term":[{"taxonomy":"category","embeddable":true,"href":"https:\/\/www.agriatv.hu\/index.php?rest_route=%2Fwp%2Fv2%2Fcategories&post=23987"},{"taxonomy":"post_tag","embeddable":true,"href":"https:\/\/www.agriatv.hu\/index.php?rest_route=%2Fwp%2Fv2%2Ftags&post=23987"}],"curies":[{"name":"wp","href":"https:\/\/api.w.org\/{rel}","templated":true}]}}