{"id":24018,"date":"2022-11-16T17:52:44","date_gmt":"2022-11-16T17:52:44","guid":{"rendered":"https:\/\/www.agriatv.hu\/?p=24018"},"modified":"2022-11-16T17:52:45","modified_gmt":"2022-11-16T17:52:45","slug":"sziven-szurta-ismeroset-a-tinedzser","status":"publish","type":"post","link":"https:\/\/www.agriatv.hu\/?p=24018","title":{"rendered":"Sz\u00edven sz\u00farta ismer\u0151s\u00e9t a tin\u00e9dzser"},"content":{"rendered":"<div class=\"wp-block-image\">\n<figure class=\"alignleft is-resized\"><img loading=\"lazy\" decoding=\"async\" src=\"https:\/\/cdn.tenyek.hu\/media\/0\/0d\/0d2649e6ea502af6b6b428a8c505751a.jpg\" alt=\"Media player poster frame\" width=\"215\" height=\"120\"\/><\/figure>\n<\/div>\n\n\n<p>Sz\u00edven sz\u00farta ismer\u0151s\u00e9t egy tin\u00e9dzser Tarnabodon. A fiatal fi\u00fa \u00e9letvesz\u00e9lyesen megs\u00e9r\u00fclt, azonnal meg kellett oper\u00e1lni. A k\u00e9sel\u0151 nagymam\u00e1ja nyilatkozott a T\u00e9nyeknek. Szerinte nem az unok\u00e1ja volt a hib\u00e1s, hanem a m\u00e1sik fi\u00fa, ugyanis azt mondja, \u0151 kezdett k\u00f6tekedni. Mindk\u00e9t fiatal ellen most emelt v\u00e1dat az \u00fcgy\u00e9szs\u00e9g.<\/p>\n\n\n\n<div style=\"width: 100%; height: 0px; position: relative; padding-bottom: 56%;\"><iframe src=\"https:\/\/tenyek.hu\/embed\/28194_sziven-szurta-ismeroset-a-tinedzser?autoplay=0\" frameborder=\"0\" allowfullscreen=\"true\" style=\"width: 100%; height: 100%; position: absolute;\"><\/iframe><\/div>\n","protected":false},"excerpt":{"rendered":"<p>Sz\u00edven sz\u00farta ismer\u0151s\u00e9t egy tin\u00e9dzser Tarnabodon. A fiatal fi\u00fa \u00e9letvesz\u00e9lyesen megs\u00e9r\u00fclt, azonnal meg kellett oper\u00e1lni. A k\u00e9sel\u0151 nagymam\u00e1ja nyilatkozott a T\u00e9nyeknek. Szerinte nem az unok\u00e1ja volt a hib\u00e1s, hanem a m\u00e1sik fi\u00fa, ugyanis azt mondja, \u0151 kezdett k\u00f6tekedni. Mindk\u00e9t fiatal ellen most emelt v\u00e1dat az \u00fcgy\u00e9szs\u00e9g.<\/p>\n","protected":false},"author":4,"featured_media":0,"comment_status":"open","ping_status":"closed","sticky":false,"template":"","format":"standard","meta":{"footnotes":""},"categories":[5],"tags":[1025,1329,380,122,2098,1356,447],"class_list":["post-24018","post","type-post","status-publish","format-standard","hentry","category-kek-hirek","tag-eletveszely","tag-kes","tag-mento","tag-rendorseg","tag-sziv","tag-tarnabod","tag-ugyeszseg"],"_links":{"self":[{"href":"https:\/\/www.agriatv.hu\/index.php?rest_route=\/wp\/v2\/posts\/24018","targetHints":{"allow":["GET"]}}],"collection":[{"href":"https:\/\/www.agriatv.hu\/index.php?rest_route=\/wp\/v2\/posts"}],"about":[{"href":"https:\/\/www.agriatv.hu\/index.php?rest_route=\/wp\/v2\/types\/post"}],"author":[{"embeddable":true,"href":"https:\/\/www.agriatv.hu\/index.php?rest_route=\/wp\/v2\/users\/4"}],"replies":[{"embeddable":true,"href":"https:\/\/www.agriatv.hu\/index.php?rest_route=%2Fwp%2Fv2%2Fcomments&post=24018"}],"version-history":[{"count":1,"href":"https:\/\/www.agriatv.hu\/index.php?rest_route=\/wp\/v2\/posts\/24018\/revisions"}],"predecessor-version":[{"id":24019,"href":"https:\/\/www.agriatv.hu\/index.php?rest_route=\/wp\/v2\/posts\/24018\/revisions\/24019"}],"wp:attachment":[{"href":"https:\/\/www.agriatv.hu\/index.php?rest_route=%2Fwp%2Fv2%2Fmedia&parent=24018"}],"wp:term":[{"taxonomy":"category","embeddable":true,"href":"https:\/\/www.agriatv.hu\/index.php?rest_route=%2Fwp%2Fv2%2Fcategories&post=24018"},{"taxonomy":"post_tag","embeddable":true,"href":"https:\/\/www.agriatv.hu\/index.php?rest_route=%2Fwp%2Fv2%2Ftags&post=24018"}],"curies":[{"name":"wp","href":"https:\/\/api.w.org\/{rel}","templated":true}]}}