{"id":24028,"date":"2022-11-19T22:04:52","date_gmt":"2022-11-19T22:04:52","guid":{"rendered":"https:\/\/www.agriatv.hu\/?p=24028"},"modified":"2022-11-19T22:04:53","modified_gmt":"2022-11-19T22:04:53","slug":"a-bemutatott-video-alapjan-kezdett-nyomozni-a-rendorseg-az-alazo-fiatalok-utan","status":"publish","type":"post","link":"https:\/\/www.agriatv.hu\/?p=24028","title":{"rendered":"A bemutatott vide\u00f3 alapj\u00e1n kezdett nyomozni a rend\u0151rs\u00e9g az al\u00e1z\u00f3 fiatalok ut\u00e1n"},"content":{"rendered":"<div class=\"wp-block-image\">\n<figure class=\"alignleft size-large is-resized\"><a href=\"https:\/\/www.agriatv.hu\/wp-content\/uploads\/2022\/11\/image-1.png\"><img loading=\"lazy\" decoding=\"async\" src=\"https:\/\/www.agriatv.hu\/wp-content\/uploads\/2022\/11\/image-1-1024x570.png\" alt=\"\" class=\"wp-image-24029\" width=\"269\" height=\"148\"\/><\/a><\/figure>\n<\/div>\n\n\n<p>\u00d6nk\u00e9nt ment be a rend\u0151rs\u00e9gre a t\u00e1rs\u00e1t megal\u00e1z\u00f3 egri fiatal. Az RTL H\u00edrad\u00f3ban bemutatott felv\u00e9tel alapj\u00e1n kezd\u0151d\u00f6tt a nyomoz\u00e1s. A vide\u00f3n pofon is elcsattan \u00e9s a b\u00e1ntalmaz\u00f3 addig al\u00e1zza a fiatalt, m\u00edg nem engedelmeskedik. Mostanra kider\u00fclt: a felv\u00e9tel k\u00e9t \u00e9ve k\u00e9sz\u00fclt. A rend\u0151r\u00f6k a felv\u00e9telen l\u00e1that\u00f3 \u00f6sszes embert megkeresik \u00e9s kihallgatj\u00e1k.<\/p>\n\n\n\n<div style=\"width: 100%; height: 0px; position: relative; padding-bottom: 56%;\"><iframe src=\"https:\/\/embed.rtl.hu\/embed\/1995396?autoplay=0\" frameborder=\"0\" allowfullscreen=\"true\" style=\"width: 100%; height: 100%; position: absolute;\"><\/iframe><\/div>\n","protected":false},"excerpt":{"rendered":"<p>\u00d6nk\u00e9nt ment be a rend\u0151rs\u00e9gre a t\u00e1rs\u00e1t megal\u00e1z\u00f3 egri fiatal. Az RTL H\u00edrad\u00f3ban bemutatott felv\u00e9tel alapj\u00e1n kezd\u0151d\u00f6tt a nyomoz\u00e1s. A vide\u00f3n pofon is elcsattan \u00e9s a b\u00e1ntalmaz\u00f3 addig al\u00e1zza a fiatalt, m\u00edg nem engedelmeskedik. Mostanra kider\u00fclt: a felv\u00e9tel k\u00e9t \u00e9ve k\u00e9sz\u00fclt. A rend\u0151r\u00f6k a felv\u00e9telen l\u00e1that\u00f3 \u00f6sszes embert megkeresik \u00e9s kihallgatj\u00e1k.<\/p>\n","protected":false},"author":4,"featured_media":0,"comment_status":"open","ping_status":"closed","sticky":false,"template":"","format":"standard","meta":{"footnotes":""},"categories":[5],"tags":[4029,36,4030,3183,122],"class_list":["post-24028","post","type-post","status-publish","format-standard","hentry","category-kek-hirek","tag-alazas","tag-eger","tag-kenyszerites","tag-pofon","tag-rendorseg"],"_links":{"self":[{"href":"https:\/\/www.agriatv.hu\/index.php?rest_route=\/wp\/v2\/posts\/24028","targetHints":{"allow":["GET"]}}],"collection":[{"href":"https:\/\/www.agriatv.hu\/index.php?rest_route=\/wp\/v2\/posts"}],"about":[{"href":"https:\/\/www.agriatv.hu\/index.php?rest_route=\/wp\/v2\/types\/post"}],"author":[{"embeddable":true,"href":"https:\/\/www.agriatv.hu\/index.php?rest_route=\/wp\/v2\/users\/4"}],"replies":[{"embeddable":true,"href":"https:\/\/www.agriatv.hu\/index.php?rest_route=%2Fwp%2Fv2%2Fcomments&post=24028"}],"version-history":[{"count":1,"href":"https:\/\/www.agriatv.hu\/index.php?rest_route=\/wp\/v2\/posts\/24028\/revisions"}],"predecessor-version":[{"id":24030,"href":"https:\/\/www.agriatv.hu\/index.php?rest_route=\/wp\/v2\/posts\/24028\/revisions\/24030"}],"wp:attachment":[{"href":"https:\/\/www.agriatv.hu\/index.php?rest_route=%2Fwp%2Fv2%2Fmedia&parent=24028"}],"wp:term":[{"taxonomy":"category","embeddable":true,"href":"https:\/\/www.agriatv.hu\/index.php?rest_route=%2Fwp%2Fv2%2Fcategories&post=24028"},{"taxonomy":"post_tag","embeddable":true,"href":"https:\/\/www.agriatv.hu\/index.php?rest_route=%2Fwp%2Fv2%2Ftags&post=24028"}],"curies":[{"name":"wp","href":"https:\/\/api.w.org\/{rel}","templated":true}]}}