{"id":24035,"date":"2022-11-20T20:10:33","date_gmt":"2022-11-20T20:10:33","guid":{"rendered":"https:\/\/www.agriatv.hu\/?p=24035"},"modified":"2022-11-20T20:10:34","modified_gmt":"2022-11-20T20:10:34","slug":"meghatoan-bucsuztak-az-orszag-fajatol","status":"publish","type":"post","link":"https:\/\/www.agriatv.hu\/?p=24035","title":{"rendered":"Meghat\u00f3an b\u00facs\u00faztak az orsz\u00e1g f\u00e1j\u00e1t\u00f3l"},"content":{"rendered":"<div class=\"wp-block-image\">\n<figure class=\"alignleft is-resized\"><img loading=\"lazy\" decoding=\"async\" src=\"https:\/\/cdn.tenyek.hu\/media\/2\/2b\/2b944287e5d97efef51d58f7969238ad.jpg\" alt=\"Media player poster frame\" width=\"183\" height=\"102\"\/><\/figure>\n<\/div>\n\n\n<p>Saj\u00e1t kez\u00fckkel \u00fcltett\u00e9k el \u00e9vtizedekkel ezel\u0151tt, most felaj\u00e1nlotta az orsz\u00e1g kar\u00e1csonyf\u00e1j\u00e1nak a 18 m\u00e9ter magas ez\u00fcstfeny\u0151t, amely mostan\u00e1ig egy id\u0151s h\u00e1zasp\u00e1r kertj\u00e9ben \u00e1llt Apcon. H\u00e9tf\u0151n sz\u00e1ll\u00edtj\u00e1k a Parlament el\u00e9 a t\u00f6bb tonn\u00e1s feny\u0151t. Tulajdonosai az\u00e9rt aj\u00e1nlott\u00e1k fel a t\u00f6bb mint 40 \u00e9ves f\u00e1t, mert f\u00e9ltek, hogy egy viharban kid\u0151l. Most s\u00edrva besz\u00e9ltek arr\u00f3l, hogy mennyire \u00f6r\u00fclnek annak, hogy m\u00e9lt\u00f3 helyre ker\u00fcl a f\u00e1juk.<\/p>\n\n\n\n<div style=\"width: 100%; height: 0px; position: relative; padding-bottom: 56%;\"><iframe src=\"https:\/\/tenyek.hu\/embed\/28339_meghatoan-bucsuztak-az-orszag-fajatol?autoplay=0\" frameborder=\"0\" allowfullscreen=\"true\" style=\"width: 100%; height: 100%; position: absolute;\"><\/iframe><\/div>\n","protected":false},"excerpt":{"rendered":"<p>Saj\u00e1t kez\u00fckkel \u00fcltett\u00e9k el \u00e9vtizedekkel ezel\u0151tt, most felaj\u00e1nlotta az orsz\u00e1g kar\u00e1csonyf\u00e1j\u00e1nak a 18 m\u00e9ter magas ez\u00fcstfeny\u0151t, amely mostan\u00e1ig egy id\u0151s h\u00e1zasp\u00e1r kertj\u00e9ben \u00e1llt Apcon. H\u00e9tf\u0151n sz\u00e1ll\u00edtj\u00e1k a Parlament el\u00e9 a t\u00f6bb tonn\u00e1s feny\u0151t. Tulajdonosai az\u00e9rt aj\u00e1nlott\u00e1k fel a t\u00f6bb mint 40 \u00e9ves f\u00e1t, mert f\u00e9ltek, hogy egy viharban kid\u0151l. Most s\u00edrva besz\u00e9ltek arr\u00f3l, hogy mennyire [&#8230;]<\/p>\n","protected":false},"author":4,"featured_media":0,"comment_status":"open","ping_status":"closed","sticky":false,"template":"","format":"standard","meta":{"footnotes":""},"categories":[6,4],"tags":[2048,487,776,661,708],"class_list":["post-24035","post","type-post","status-publish","format-standard","hentry","category-belfold","category-szabadido","tag-apc","tag-csalad","tag-fenyo","tag-karacsonyfa","tag-parlament"],"_links":{"self":[{"href":"https:\/\/www.agriatv.hu\/index.php?rest_route=\/wp\/v2\/posts\/24035","targetHints":{"allow":["GET"]}}],"collection":[{"href":"https:\/\/www.agriatv.hu\/index.php?rest_route=\/wp\/v2\/posts"}],"about":[{"href":"https:\/\/www.agriatv.hu\/index.php?rest_route=\/wp\/v2\/types\/post"}],"author":[{"embeddable":true,"href":"https:\/\/www.agriatv.hu\/index.php?rest_route=\/wp\/v2\/users\/4"}],"replies":[{"embeddable":true,"href":"https:\/\/www.agriatv.hu\/index.php?rest_route=%2Fwp%2Fv2%2Fcomments&post=24035"}],"version-history":[{"count":1,"href":"https:\/\/www.agriatv.hu\/index.php?rest_route=\/wp\/v2\/posts\/24035\/revisions"}],"predecessor-version":[{"id":24036,"href":"https:\/\/www.agriatv.hu\/index.php?rest_route=\/wp\/v2\/posts\/24035\/revisions\/24036"}],"wp:attachment":[{"href":"https:\/\/www.agriatv.hu\/index.php?rest_route=%2Fwp%2Fv2%2Fmedia&parent=24035"}],"wp:term":[{"taxonomy":"category","embeddable":true,"href":"https:\/\/www.agriatv.hu\/index.php?rest_route=%2Fwp%2Fv2%2Fcategories&post=24035"},{"taxonomy":"post_tag","embeddable":true,"href":"https:\/\/www.agriatv.hu\/index.php?rest_route=%2Fwp%2Fv2%2Ftags&post=24035"}],"curies":[{"name":"wp","href":"https:\/\/api.w.org\/{rel}","templated":true}]}}