{"id":24047,"date":"2022-11-25T20:09:06","date_gmt":"2022-11-25T20:09:06","guid":{"rendered":"https:\/\/www.agriatv.hu\/?p=24047"},"modified":"2022-11-25T20:09:06","modified_gmt":"2022-11-25T20:09:06","slug":"zavarta-az-ugatasa-meglotte-a-kutyat","status":"publish","type":"post","link":"https:\/\/www.agriatv.hu\/?p=24047","title":{"rendered":"Zavarta az ugat\u00e1sa, megl\u0151tte a kuty\u00e1t"},"content":{"rendered":"<div class=\"wp-block-image\">\n<figure class=\"alignleft is-resized\"><img loading=\"lazy\" decoding=\"async\" src=\"https:\/\/cdn.tenyek.hu\/media\/0\/00\/004db5d85ba1b63a8ea9205b5e7ec47e.jpg\" alt=\"Media player poster frame\" width=\"220\" height=\"123\"\/><\/figure>\n<\/div>\n\n\n<p>Eltiltan\u00e1k az \u00e1llattart\u00e1st\u00f3l azt a f\u00e9rfit, aki kegyetlen\u00fcl kil\u0151tte l\u00e9gpusk\u00e1val a szomsz\u00e9d kuty\u00e1j\u00e1nak szem\u00e9t Iv\u00e1don, Heves megy\u00e9ben. K\u00e9tszer is r\u00e1l\u0151tt a n\u00e9metjuh\u00e1szra, mert zavarta az ugat\u00e1sa. Az \u00e1llat t\u00fal\u00e9lte a t\u00e1mad\u00e1st, de a f\u00e9l szem\u00e9re megvakult. A f\u00e9rfi az \u00e1llatk\u00ednz\u00e1s\u00e9rt felf\u00fcggesztett b\u00f6rt\u00f6nb\u00fcntet\u00e9st kapott \u00e9s a fegyver\u00e9t is elkobozt\u00e1k. Most kider\u00fclt, hogy saj\u00e1t kuty\u00e1i is vannak, az \u00fcgy\u00e9szs\u00e9g elvenn\u00e9 t\u0151le az \u00e1llatokat.<\/p>\n\n\n\n<div style=\"width: 100%; height: 0px; position: relative; padding-bottom: 56%;\"><iframe src=\"https:\/\/tenyek.hu\/embed\/28520_zavarta-az-ugatasa-meglotte-a-kutyat?autoplay=0\" frameborder=\"0\" allowfullscreen=\"true\" style=\"width: 100%; height: 100%; position: absolute;\"><\/iframe><\/div>\n","protected":false},"excerpt":{"rendered":"<p>Eltiltan\u00e1k az \u00e1llattart\u00e1st\u00f3l azt a f\u00e9rfit, aki kegyetlen\u00fcl kil\u0151tte l\u00e9gpusk\u00e1val a szomsz\u00e9d kuty\u00e1j\u00e1nak szem\u00e9t Iv\u00e1don, Heves megy\u00e9ben. K\u00e9tszer is r\u00e1l\u0151tt a n\u00e9metjuh\u00e1szra, mert zavarta az ugat\u00e1sa. Az \u00e1llat t\u00fal\u00e9lte a t\u00e1mad\u00e1st, de a f\u00e9l szem\u00e9re megvakult. A f\u00e9rfi az \u00e1llatk\u00ednz\u00e1s\u00e9rt felf\u00fcggesztett b\u00f6rt\u00f6nb\u00fcntet\u00e9st kapott \u00e9s a fegyver\u00e9t is elkobozt\u00e1k. Most kider\u00fclt, hogy saj\u00e1t kuty\u00e1i is vannak, [&#8230;]<\/p>\n","protected":false},"author":4,"featured_media":0,"comment_status":"open","ping_status":"closed","sticky":false,"template":"","format":"standard","meta":{"footnotes":""},"categories":[5],"tags":[1477,832,1510,4038,1535,2463,1317,3109],"class_list":["post-24047","post","type-post","status-publish","format-standard","hentry","category-kek-hirek","tag-ivad","tag-kutya","tag-legpuska","tag-nemetjuhasz","tag-orvos","tag-szem","tag-szomszed","tag-vaksag"],"_links":{"self":[{"href":"https:\/\/www.agriatv.hu\/index.php?rest_route=\/wp\/v2\/posts\/24047","targetHints":{"allow":["GET"]}}],"collection":[{"href":"https:\/\/www.agriatv.hu\/index.php?rest_route=\/wp\/v2\/posts"}],"about":[{"href":"https:\/\/www.agriatv.hu\/index.php?rest_route=\/wp\/v2\/types\/post"}],"author":[{"embeddable":true,"href":"https:\/\/www.agriatv.hu\/index.php?rest_route=\/wp\/v2\/users\/4"}],"replies":[{"embeddable":true,"href":"https:\/\/www.agriatv.hu\/index.php?rest_route=%2Fwp%2Fv2%2Fcomments&post=24047"}],"version-history":[{"count":1,"href":"https:\/\/www.agriatv.hu\/index.php?rest_route=\/wp\/v2\/posts\/24047\/revisions"}],"predecessor-version":[{"id":24048,"href":"https:\/\/www.agriatv.hu\/index.php?rest_route=\/wp\/v2\/posts\/24047\/revisions\/24048"}],"wp:attachment":[{"href":"https:\/\/www.agriatv.hu\/index.php?rest_route=%2Fwp%2Fv2%2Fmedia&parent=24047"}],"wp:term":[{"taxonomy":"category","embeddable":true,"href":"https:\/\/www.agriatv.hu\/index.php?rest_route=%2Fwp%2Fv2%2Fcategories&post=24047"},{"taxonomy":"post_tag","embeddable":true,"href":"https:\/\/www.agriatv.hu\/index.php?rest_route=%2Fwp%2Fv2%2Ftags&post=24047"}],"curies":[{"name":"wp","href":"https:\/\/api.w.org\/{rel}","templated":true}]}}