{"id":24049,"date":"2022-11-25T20:14:02","date_gmt":"2022-11-25T20:14:02","guid":{"rendered":"https:\/\/www.agriatv.hu\/?p=24049"},"modified":"2022-11-25T20:14:03","modified_gmt":"2022-11-25T20:14:03","slug":"gyogyszerre-ivott-es-megolte-az-anyjat","status":"publish","type":"post","link":"https:\/\/www.agriatv.hu\/?p=24049","title":{"rendered":"Gy\u00f3gyszerre ivott \u00e9s meg\u00f6lte az anyj\u00e1t"},"content":{"rendered":"<div class=\"wp-block-image\">\n<figure class=\"alignleft is-resized\"><img loading=\"lazy\" decoding=\"async\" src=\"https:\/\/cdn.tenyek.hu\/media\/3\/34\/346011bb44a40630131d74f1dacc69c1.jpg\" alt=\"Media player poster frame\" width=\"185\" height=\"103\"\/><\/figure>\n<\/div>\n\n\n<p>Gy\u00f3gyszerre ivott, ez\u00e9rt \u00f6lhette meg az anyj\u00e1t egy 57 \u00e9ves salg\u00f3tarj\u00e1ni n\u0151. L\u00e1togat\u00f3ba ment hozz\u00e1 az anyja, de valamin \u00f6sszevesztek, ez\u00e9rt a n\u0151 k\u00e9st r\u00e1ntott \u00e9s hal\u00e1lra sz\u00farta. A szomsz\u00e9dok szerint sokszor m\u00e1r alig b\u00edrt menni, annyit ivott a gyilkos n\u0151. S\u00edrt, amikor letart\u00f3ztatt\u00e1k, majd az elmegy\u00f3gy\u00edt\u00f3 int\u00e9zetbe vitt\u00e9k. Hamarosan v\u00e1dat emelhetnek ellene, ha el\u00edt\u00e9lik, ak\u00e1r 15 \u00e9vet is kaphat.<\/p>\n\n\n\n<div style=\"width: 100%; height: 0px; position: relative; padding-bottom: 56%;\"><iframe src=\"https:\/\/tenyek.hu\/embed\/28517_gyogyszerre-ivott-es-megolte-az-anyjat?autoplay=0\" frameborder=\"0\" allowfullscreen=\"true\" style=\"width: 100%; height: 100%; position: absolute;\"><\/iframe><\/div>\n","protected":false},"excerpt":{"rendered":"<p>Gy\u00f3gyszerre ivott, ez\u00e9rt \u00f6lhette meg az anyj\u00e1t egy 57 \u00e9ves salg\u00f3tarj\u00e1ni n\u0151. L\u00e1togat\u00f3ba ment hozz\u00e1 az anyja, de valamin \u00f6sszevesztek, ez\u00e9rt a n\u0151 k\u00e9st r\u00e1ntott \u00e9s hal\u00e1lra sz\u00farta. A szomsz\u00e9dok szerint sokszor m\u00e1r alig b\u00edrt menni, annyit ivott a gyilkos n\u0151. S\u00edrt, amikor letart\u00f3ztatt\u00e1k, majd az elmegy\u00f3gy\u00edt\u00f3 int\u00e9zetbe vitt\u00e9k. Hamarosan v\u00e1dat emelhetnek ellene, ha el\u00edt\u00e9lik, [&#8230;]<\/p>\n","protected":false},"author":4,"featured_media":0,"comment_status":"open","ping_status":"closed","sticky":false,"template":"","format":"standard","meta":{"footnotes":""},"categories":[5],"tags":[921,2232,4040,2546,1329,2864,3768],"class_list":["post-24049","post","type-post","status-publish","format-standard","hentry","category-kek-hirek","tag-alkohol","tag-anya","tag-elmegyogyito","tag-gyogyszer","tag-kes","tag-salgotarjan","tag-szurt"],"_links":{"self":[{"href":"https:\/\/www.agriatv.hu\/index.php?rest_route=\/wp\/v2\/posts\/24049","targetHints":{"allow":["GET"]}}],"collection":[{"href":"https:\/\/www.agriatv.hu\/index.php?rest_route=\/wp\/v2\/posts"}],"about":[{"href":"https:\/\/www.agriatv.hu\/index.php?rest_route=\/wp\/v2\/types\/post"}],"author":[{"embeddable":true,"href":"https:\/\/www.agriatv.hu\/index.php?rest_route=\/wp\/v2\/users\/4"}],"replies":[{"embeddable":true,"href":"https:\/\/www.agriatv.hu\/index.php?rest_route=%2Fwp%2Fv2%2Fcomments&post=24049"}],"version-history":[{"count":1,"href":"https:\/\/www.agriatv.hu\/index.php?rest_route=\/wp\/v2\/posts\/24049\/revisions"}],"predecessor-version":[{"id":24050,"href":"https:\/\/www.agriatv.hu\/index.php?rest_route=\/wp\/v2\/posts\/24049\/revisions\/24050"}],"wp:attachment":[{"href":"https:\/\/www.agriatv.hu\/index.php?rest_route=%2Fwp%2Fv2%2Fmedia&parent=24049"}],"wp:term":[{"taxonomy":"category","embeddable":true,"href":"https:\/\/www.agriatv.hu\/index.php?rest_route=%2Fwp%2Fv2%2Fcategories&post=24049"},{"taxonomy":"post_tag","embeddable":true,"href":"https:\/\/www.agriatv.hu\/index.php?rest_route=%2Fwp%2Fv2%2Ftags&post=24049"}],"curies":[{"name":"wp","href":"https:\/\/api.w.org\/{rel}","templated":true}]}}