{"id":24051,"date":"2022-11-25T20:17:48","date_gmt":"2022-11-25T20:17:48","guid":{"rendered":"https:\/\/www.agriatv.hu\/?p=24051"},"modified":"2022-11-25T20:17:49","modified_gmt":"2022-11-25T20:17:49","slug":"fiat-akarta-megmenteni-halalra-egtek","status":"publish","type":"post","link":"https:\/\/www.agriatv.hu\/?p=24051","title":{"rendered":"Fi\u00e1t akarta megmenteni, hal\u00e1lra \u00e9gtek"},"content":{"rendered":"<div class=\"wp-block-image\">\n<figure class=\"alignleft is-resized\"><img loading=\"lazy\" decoding=\"async\" src=\"https:\/\/cdn.tenyek.hu\/media\/3\/31\/318fa1a9b846725071a476bcd1b21131.jpg\" alt=\"Media player poster frame\" width=\"225\" height=\"126\"\/><\/figure>\n<\/div>\n\n\n<p>Egy apa \u00e9s 16 \u00e9ves fia \u00e9gett hal\u00e1lra, amikor p\u00e9nteken hajnalban kigyulladt a h\u00e1zuk Patakon. Egy z\u00e1rlatos hosszabb\u00edt\u00f3 okozta a t\u00fczet, hatalmasak voltak a l\u00e1ngok. A k\u00e9t sz\u00fcl\u0151 kijutott az \u00e9p\u00fcletb\u0151l, de az apa visszarohant a gyerek\u00fck\u00e9rt, v\u00e9g\u00fcl sem \u0151, sem a fia nem j\u00f6ttek ki. Az anya \u00e9s egy t\u0171zolt\u00f3 k\u00f3rh\u00e1zba ker\u00fclt, \u0151k f\u00fcstm\u00e9rgez\u00e9st kaptak, de a csal\u00e1d k\u00e9t macsk\u00e1ja is elpusztult. Ny\u00edrteleken pedig egy n\u0151 \u00e9gett hal\u00e1lra, ott a k\u00e1lyh\u00e1b\u00f3l kipattant par\u00e1zs okozta a h\u00e1zt\u00fczet.<\/p>\n\n\n\n<div style=\"width: 100%; height: 0px; position: relative; padding-bottom: 56%;\"><iframe src=\"https:\/\/tenyek.hu\/embed\/28513_fiat-akarta-megmenteni-halalra-egtek?autoplay=0\" frameborder=\"0\" allowfullscreen=\"true\" style=\"width: 100%; height: 100%; position: absolute;\"><\/iframe><\/div>\n","protected":false},"excerpt":{"rendered":"<p>Egy apa \u00e9s 16 \u00e9ves fia \u00e9gett hal\u00e1lra, amikor p\u00e9nteken hajnalban kigyulladt a h\u00e1zuk Patakon. Egy z\u00e1rlatos hosszabb\u00edt\u00f3 okozta a t\u00fczet, hatalmasak voltak a l\u00e1ngok. A k\u00e9t sz\u00fcl\u0151 kijutott az \u00e9p\u00fcletb\u0151l, de az apa visszarohant a gyerek\u00fck\u00e9rt, v\u00e9g\u00fcl sem \u0151, sem a fia nem j\u00f6ttek ki. Az anya \u00e9s egy t\u0171zolt\u00f3 k\u00f3rh\u00e1zba ker\u00fclt, \u0151k f\u00fcstm\u00e9rgez\u00e9st [&#8230;]<\/p>\n","protected":false},"author":4,"featured_media":0,"comment_status":"open","ping_status":"closed","sticky":false,"template":"","format":"standard","meta":{"footnotes":""},"categories":[5],"tags":[1452,3385,1597,484,161,1471],"class_list":["post-24051","post","type-post","status-publish","format-standard","hentry","category-kek-hirek","tag-haz","tag-hosszabbito","tag-patak","tag-tuz","tag-tuzolto","tag-zarlat"],"_links":{"self":[{"href":"https:\/\/www.agriatv.hu\/index.php?rest_route=\/wp\/v2\/posts\/24051","targetHints":{"allow":["GET"]}}],"collection":[{"href":"https:\/\/www.agriatv.hu\/index.php?rest_route=\/wp\/v2\/posts"}],"about":[{"href":"https:\/\/www.agriatv.hu\/index.php?rest_route=\/wp\/v2\/types\/post"}],"author":[{"embeddable":true,"href":"https:\/\/www.agriatv.hu\/index.php?rest_route=\/wp\/v2\/users\/4"}],"replies":[{"embeddable":true,"href":"https:\/\/www.agriatv.hu\/index.php?rest_route=%2Fwp%2Fv2%2Fcomments&post=24051"}],"version-history":[{"count":1,"href":"https:\/\/www.agriatv.hu\/index.php?rest_route=\/wp\/v2\/posts\/24051\/revisions"}],"predecessor-version":[{"id":24052,"href":"https:\/\/www.agriatv.hu\/index.php?rest_route=\/wp\/v2\/posts\/24051\/revisions\/24052"}],"wp:attachment":[{"href":"https:\/\/www.agriatv.hu\/index.php?rest_route=%2Fwp%2Fv2%2Fmedia&parent=24051"}],"wp:term":[{"taxonomy":"category","embeddable":true,"href":"https:\/\/www.agriatv.hu\/index.php?rest_route=%2Fwp%2Fv2%2Fcategories&post=24051"},{"taxonomy":"post_tag","embeddable":true,"href":"https:\/\/www.agriatv.hu\/index.php?rest_route=%2Fwp%2Fv2%2Ftags&post=24051"}],"curies":[{"name":"wp","href":"https:\/\/api.w.org\/{rel}","templated":true}]}}