{"id":24085,"date":"2022-12-13T22:50:51","date_gmt":"2022-12-13T22:50:51","guid":{"rendered":"https:\/\/www.agriatv.hu\/?p=24085"},"modified":"2022-12-13T22:50:52","modified_gmt":"2022-12-13T22:50:52","slug":"agyonverte-az-anyjat-egy-14-eves-fiu","status":"publish","type":"post","link":"https:\/\/www.agriatv.hu\/?p=24085","title":{"rendered":"Agyonverte az anyj\u00e1t egy 14 \u00e9ves fi\u00fa"},"content":{"rendered":"<div class=\"wp-block-image\">\n<figure class=\"alignleft is-resized\"><img loading=\"lazy\" decoding=\"async\" src=\"https:\/\/cdn.tenyek.hu\/media\/b\/b4\/b4a19abaf27b9b24642267a39bf35241.jpg\" alt=\"Media player poster frame\" width=\"231\" height=\"129\"\/><\/figure>\n<\/div>\n\n\n<p>Agyonverte az anyj\u00e1t egy 14 \u00e9ves fi\u00fa F\u00fcl\u00f6pjakabon. A tin\u00e9dzser valamilyen t\u00e1rggyal t\u00e1madt r\u00e1 a n\u0151re, a fej\u00e9t \u00fct\u00f6tte vele. A holttest\u00e9t az \u00e9lett\u00e1rsa tal\u00e1lta meg az \u00e1gyukban, amikor haza\u00e9rt a munk\u00e1b\u00f3l. \u00dagy tudjuk, sz\u00f6rny\u0171 l\u00e1tv\u00e1ny fogadta, amikor bel\u00e9pett a szob\u00e1ba. A tin\u00e9dzser a gyilkoss\u00e1g ut\u00e1n elmenek\u00fclt, t\u00f6bb sz\u00e1z kilom\u00e9tert utazott, Saj\u00f3kaz\u00e1n fogt\u00e1k el. Val\u00f3sz\u00edn\u0171leg a v\u00e9rszerinti apj\u00e1n\u00e1l pr\u00f3b\u00e1lt meg elb\u00fajni.<\/p>\n\n\n\n<div style=\"width: 100%; height: 0px; position: relative; padding-bottom: 56%;\"><iframe src=\"https:\/\/tenyek.hu\/embed\/29132_agyonverte-az-anyjat-egy-14-eves-fiu?autoplay=0\" frameborder=\"0\" allowfullscreen=\"true\" style=\"width: 100%; height: 100%; position: absolute;\"><\/iframe><\/div>\n","protected":false},"excerpt":{"rendered":"<p>Agyonverte az anyj\u00e1t egy 14 \u00e9ves fi\u00fa F\u00fcl\u00f6pjakabon. A tin\u00e9dzser valamilyen t\u00e1rggyal t\u00e1madt r\u00e1 a n\u0151re, a fej\u00e9t \u00fct\u00f6tte vele. A holttest\u00e9t az \u00e9lett\u00e1rsa tal\u00e1lta meg az \u00e1gyukban, amikor haza\u00e9rt a munk\u00e1b\u00f3l. \u00dagy tudjuk, sz\u00f6rny\u0171 l\u00e1tv\u00e1ny fogadta, amikor bel\u00e9pett a szob\u00e1ba. A tin\u00e9dzser a gyilkoss\u00e1g ut\u00e1n elmenek\u00fclt, t\u00f6bb sz\u00e1z kilom\u00e9tert utazott, Saj\u00f3kaz\u00e1n fogt\u00e1k el. Val\u00f3sz\u00edn\u0171leg [&#8230;]<\/p>\n","protected":false},"author":4,"featured_media":0,"comment_status":"open","ping_status":"closed","sticky":false,"template":"","format":"standard","meta":{"footnotes":""},"categories":[5],"tags":[2232,2426,4048,1079,2167,122,4049],"class_list":["post-24085","post","type-post","status-publish","format-standard","hentry","category-kek-hirek","tag-anya","tag-fiu","tag-fulopjakab","tag-gyilkossag","tag-holttest","tag-rendorseg","tag-sajokaza"],"_links":{"self":[{"href":"https:\/\/www.agriatv.hu\/index.php?rest_route=\/wp\/v2\/posts\/24085","targetHints":{"allow":["GET"]}}],"collection":[{"href":"https:\/\/www.agriatv.hu\/index.php?rest_route=\/wp\/v2\/posts"}],"about":[{"href":"https:\/\/www.agriatv.hu\/index.php?rest_route=\/wp\/v2\/types\/post"}],"author":[{"embeddable":true,"href":"https:\/\/www.agriatv.hu\/index.php?rest_route=\/wp\/v2\/users\/4"}],"replies":[{"embeddable":true,"href":"https:\/\/www.agriatv.hu\/index.php?rest_route=%2Fwp%2Fv2%2Fcomments&post=24085"}],"version-history":[{"count":1,"href":"https:\/\/www.agriatv.hu\/index.php?rest_route=\/wp\/v2\/posts\/24085\/revisions"}],"predecessor-version":[{"id":24086,"href":"https:\/\/www.agriatv.hu\/index.php?rest_route=\/wp\/v2\/posts\/24085\/revisions\/24086"}],"wp:attachment":[{"href":"https:\/\/www.agriatv.hu\/index.php?rest_route=%2Fwp%2Fv2%2Fmedia&parent=24085"}],"wp:term":[{"taxonomy":"category","embeddable":true,"href":"https:\/\/www.agriatv.hu\/index.php?rest_route=%2Fwp%2Fv2%2Fcategories&post=24085"},{"taxonomy":"post_tag","embeddable":true,"href":"https:\/\/www.agriatv.hu\/index.php?rest_route=%2Fwp%2Fv2%2Ftags&post=24085"}],"curies":[{"name":"wp","href":"https:\/\/api.w.org\/{rel}","templated":true}]}}