{"id":24170,"date":"2023-01-19T18:25:49","date_gmt":"2023-01-19T18:25:49","guid":{"rendered":"https:\/\/www.agriatv.hu\/?p=24170"},"modified":"2023-01-19T18:25:50","modified_gmt":"2023-01-19T18:25:50","slug":"tobb-helyen-is-havazott-az-orszagban","status":"publish","type":"post","link":"https:\/\/www.agriatv.hu\/?p=24170","title":{"rendered":"T\u00f6bb helyen is havazott az orsz\u00e1gban"},"content":{"rendered":"<div class=\"wp-block-image\">\n<figure class=\"alignleft is-resized\"><img loading=\"lazy\" decoding=\"async\" src=\"https:\/\/cdn.tenyek.hu\/media\/6\/68\/688cba8c146d0f607e9341ab80b6e7f3.jpg\" alt=\"Media player poster frame\" width=\"213\" height=\"119\"\/><\/figure>\n<\/div>\n\n\n<p>M\u00edg az orsz\u00e1g nagy r\u00e9sz\u00e9n az es\u0151 esett, a hegyekben szinte mindenhol havazott. Ezt rengetegen kihaszn\u00e1lt\u00e1k, a legt\u00f6bben a gyerekeiknek akartak \u00f6r\u00f6met szerezni. A kir\u00e1ndul\u00f3k h\u00f3embert \u00e9p\u00edtettek, sz\u00e1nk\u00f3ztak vagy h\u00f3goly\u00f3ztak. Egy meteorol\u00f3gus szerint b\u00e1r a napokban cs\u00f6kken a csapad\u00e9kmennyis\u00e9g, el\u0151fordulhat, hogy az orsz\u00e1g t\u00f6bbi r\u00e9sz\u00e9n is havazni fog.<\/p>\n\n\n\n<div style=\"width: 100%; height: 0px; position: relative; padding-bottom: 56%;\"><iframe src=\"https:\/\/tenyek.hu\/embed\/30384_tobb-helyen-is-havazott-az-orszagban?autoplay=0\" frameborder=\"0\" allowfullscreen=\"true\" style=\"width: 100%; height: 100%; position: absolute;\"><\/iframe><\/div>\n","protected":false},"excerpt":{"rendered":"<p>M\u00edg az orsz\u00e1g nagy r\u00e9sz\u00e9n az es\u0151 esett, a hegyekben szinte mindenhol havazott. Ezt rengetegen kihaszn\u00e1lt\u00e1k, a legt\u00f6bben a gyerekeiknek akartak \u00f6r\u00f6met szerezni. A kir\u00e1ndul\u00f3k h\u00f3embert \u00e9p\u00edtettek, sz\u00e1nk\u00f3ztak vagy h\u00f3goly\u00f3ztak. Egy meteorol\u00f3gus szerint b\u00e1r a napokban cs\u00f6kken a csapad\u00e9kmennyis\u00e9g, el\u0151fordulhat, hogy az orsz\u00e1g t\u00f6bbi r\u00e9sz\u00e9n is havazni fog.<\/p>\n","protected":false},"author":4,"featured_media":0,"comment_status":"open","ping_status":"closed","sticky":false,"template":"","format":"standard","meta":{"footnotes":""},"categories":[6,19,4],"tags":[477,872,2580,1869,38,1567],"class_list":["post-24170","post","type-post","status-publish","format-standard","hentry","category-belfold","category-egeszseg","category-szabadido","tag-gyerekek","tag-ho","tag-hoember","tag-kekesteto","tag-matra","tag-szanko"],"_links":{"self":[{"href":"https:\/\/www.agriatv.hu\/index.php?rest_route=\/wp\/v2\/posts\/24170","targetHints":{"allow":["GET"]}}],"collection":[{"href":"https:\/\/www.agriatv.hu\/index.php?rest_route=\/wp\/v2\/posts"}],"about":[{"href":"https:\/\/www.agriatv.hu\/index.php?rest_route=\/wp\/v2\/types\/post"}],"author":[{"embeddable":true,"href":"https:\/\/www.agriatv.hu\/index.php?rest_route=\/wp\/v2\/users\/4"}],"replies":[{"embeddable":true,"href":"https:\/\/www.agriatv.hu\/index.php?rest_route=%2Fwp%2Fv2%2Fcomments&post=24170"}],"version-history":[{"count":1,"href":"https:\/\/www.agriatv.hu\/index.php?rest_route=\/wp\/v2\/posts\/24170\/revisions"}],"predecessor-version":[{"id":24171,"href":"https:\/\/www.agriatv.hu\/index.php?rest_route=\/wp\/v2\/posts\/24170\/revisions\/24171"}],"wp:attachment":[{"href":"https:\/\/www.agriatv.hu\/index.php?rest_route=%2Fwp%2Fv2%2Fmedia&parent=24170"}],"wp:term":[{"taxonomy":"category","embeddable":true,"href":"https:\/\/www.agriatv.hu\/index.php?rest_route=%2Fwp%2Fv2%2Fcategories&post=24170"},{"taxonomy":"post_tag","embeddable":true,"href":"https:\/\/www.agriatv.hu\/index.php?rest_route=%2Fwp%2Fv2%2Ftags&post=24170"}],"curies":[{"name":"wp","href":"https:\/\/api.w.org\/{rel}","templated":true}]}}