{"id":24176,"date":"2023-01-19T18:41:29","date_gmt":"2023-01-19T18:41:29","guid":{"rendered":"https:\/\/www.agriatv.hu\/?p=24176"},"modified":"2023-01-19T18:41:30","modified_gmt":"2023-01-19T18:41:30","slug":"csaknem-szaz-kilometeren-at-menekult","status":"publish","type":"post","link":"https:\/\/www.agriatv.hu\/?p=24176","title":{"rendered":"Csaknem sz\u00e1z kilom\u00e9teren \u00e1t menek\u00fclt"},"content":{"rendered":"<div class=\"wp-block-image\">\n<figure class=\"alignleft is-resized\"><img loading=\"lazy\" decoding=\"async\" src=\"https:\/\/cdn.tenyek.hu\/media\/8\/87\/871841ed192f2dbbd24ba38810dd8e5e.jpg\" alt=\"Media player poster frame\" width=\"222\" height=\"124\"\/><\/figure>\n<\/div>\n\n\n<p>Csaknem 100 kilom\u00e9teren kereszt\u00fcl, \u00c9rdt\u0151l eg\u00e9szen Gy\u00f6ngy\u00f6sig \u00fcld\u00f6ztek a rend\u0151r\u00f6k egy 28 \u00e9ves f\u00e9rfit, aki egy parkol\u00f3 aut\u00f3t lopott el. Gy\u00f6ngy\u00f6s\u00f6n v\u00e9g\u00fcl nekiment egy padk\u00e1nak \u00e9s kit\u00f6rt az aut\u00f3 kereke. Az \u00e1mokfut\u00f3 azonban m\u00e9g ekkor sem adta fel, a k\u00f6zeli patak partj\u00e1ra menek\u00fclt, ott azonban v\u00e9g\u00fcl elfogt\u00e1k. \u0150rizetbe vett\u00e9k, kider\u00fclt, hogy nyolc b\u00fcntet\u0151elj\u00e1r\u00e1s van folyamatban ellene.<\/p>\n\n\n\n<div style=\"width: 100%; height: 0px; position: relative; padding-bottom: 56%;\"><iframe src=\"https:\/\/tenyek.hu\/embed\/30376_csaknem-szaz-kilometeren-at-menekult?autoplay=0\" frameborder=\"0\" allowfullscreen=\"true\" style=\"width: 100%; height: 100%; position: absolute;\"><\/iframe><\/div>\n","protected":false},"excerpt":{"rendered":"<p>Csaknem 100 kilom\u00e9teren kereszt\u00fcl, \u00c9rdt\u0151l eg\u00e9szen Gy\u00f6ngy\u00f6sig \u00fcld\u00f6ztek a rend\u0151r\u00f6k egy 28 \u00e9ves f\u00e9rfit, aki egy parkol\u00f3 aut\u00f3t lopott el. Gy\u00f6ngy\u00f6s\u00f6n v\u00e9g\u00fcl nekiment egy padk\u00e1nak \u00e9s kit\u00f6rt az aut\u00f3 kereke. Az \u00e1mokfut\u00f3 azonban m\u00e9g ekkor sem adta fel, a k\u00f6zeli patak partj\u00e1ra menek\u00fclt, ott azonban v\u00e9g\u00fcl elfogt\u00e1k. \u0150rizetbe vett\u00e9k, kider\u00fclt, hogy nyolc b\u00fcntet\u0151elj\u00e1r\u00e1s van folyamatban [&#8230;]<\/p>\n","protected":false},"author":4,"featured_media":0,"comment_status":"open","ping_status":"closed","sticky":false,"template":"","format":"standard","meta":{"footnotes":""},"categories":[5],"tags":[2582,2667,235,1875,122],"class_list":["post-24176","post","type-post","status-publish","format-standard","hentry","category-kek-hirek","tag-amokfuto","tag-erd","tag-gyongyos","tag-menekules","tag-rendorseg"],"_links":{"self":[{"href":"https:\/\/www.agriatv.hu\/index.php?rest_route=\/wp\/v2\/posts\/24176","targetHints":{"allow":["GET"]}}],"collection":[{"href":"https:\/\/www.agriatv.hu\/index.php?rest_route=\/wp\/v2\/posts"}],"about":[{"href":"https:\/\/www.agriatv.hu\/index.php?rest_route=\/wp\/v2\/types\/post"}],"author":[{"embeddable":true,"href":"https:\/\/www.agriatv.hu\/index.php?rest_route=\/wp\/v2\/users\/4"}],"replies":[{"embeddable":true,"href":"https:\/\/www.agriatv.hu\/index.php?rest_route=%2Fwp%2Fv2%2Fcomments&post=24176"}],"version-history":[{"count":1,"href":"https:\/\/www.agriatv.hu\/index.php?rest_route=\/wp\/v2\/posts\/24176\/revisions"}],"predecessor-version":[{"id":24177,"href":"https:\/\/www.agriatv.hu\/index.php?rest_route=\/wp\/v2\/posts\/24176\/revisions\/24177"}],"wp:attachment":[{"href":"https:\/\/www.agriatv.hu\/index.php?rest_route=%2Fwp%2Fv2%2Fmedia&parent=24176"}],"wp:term":[{"taxonomy":"category","embeddable":true,"href":"https:\/\/www.agriatv.hu\/index.php?rest_route=%2Fwp%2Fv2%2Fcategories&post=24176"},{"taxonomy":"post_tag","embeddable":true,"href":"https:\/\/www.agriatv.hu\/index.php?rest_route=%2Fwp%2Fv2%2Ftags&post=24176"}],"curies":[{"name":"wp","href":"https:\/\/api.w.org\/{rel}","templated":true}]}}