{"id":24211,"date":"2023-02-02T19:47:58","date_gmt":"2023-02-02T19:47:58","guid":{"rendered":"https:\/\/www.agriatv.hu\/?p=24211"},"modified":"2023-02-02T19:47:59","modified_gmt":"2023-02-02T19:47:59","slug":"60-nal-szaguldozott-a-rollerevel","status":"publish","type":"post","link":"https:\/\/www.agriatv.hu\/?p=24211","title":{"rendered":"60-nal sz\u00e1guldozott a roller\u00e9vel"},"content":{"rendered":"<div class=\"wp-block-image\">\n<figure class=\"alignleft is-resized\"><img loading=\"lazy\" decoding=\"async\" src=\"https:\/\/cdn.tenyek.hu\/media\/5\/5c\/5c882170b27b9d7731caf0cf9cf108d4.jpg\" alt=\"Media player poster frame\" width=\"210\" height=\"117\"\/><\/figure>\n<\/div>\n\n\n<p>60-nal az aut\u00f3k k\u00f6z\u00f6tt, a f\u0151\u00faton sz\u00e1guldozott Egerben egy f\u00e9rfi az elektromos roller\u00e9vel. Az esetr\u0151l egy aut\u00f3s k\u00e9sz\u00edtett megd\u00f6bbent\u0151 vide\u00f3t. A f\u00e9rfi t\u00f6bb aut\u00f3t is megel\u0151z\u00f6tt, a bels\u0151 s\u00e1vban haladt, szinte figyelembe sem vette a k\u00f6r\u00fcl\u00f6tte k\u00f6zleked\u0151ket. A rolleres v\u00e9d\u0151felszerel\u00e9st sem viselt. A vide\u00f3 k\u00e9sz\u00edt\u0151je szerint a f\u00e9rfi gyakran k\u00f6zlekedik \u00edgy, amivel nem csak mag\u00e1t, hanem a sof\u0151r\u00f6ket is vesz\u00e9lybe sodorja.<\/p>\n\n\n\n<div style=\"width: 100%; height: 0px; position: relative; padding-bottom: 56%;\"><iframe src=\"https:\/\/tenyek.hu\/embed\/30882_60-nal-szaguldozott-a-rollerevel?autoplay=0\" frameborder=\"0\" allowfullscreen=\"true\" style=\"width: 100%; height: 100%; position: absolute;\"><\/iframe><\/div>\n","protected":false},"excerpt":{"rendered":"<p>60-nal az aut\u00f3k k\u00f6z\u00f6tt, a f\u0151\u00faton sz\u00e1guldozott Egerben egy f\u00e9rfi az elektromos roller\u00e9vel. Az esetr\u0151l egy aut\u00f3s k\u00e9sz\u00edtett megd\u00f6bbent\u0151 vide\u00f3t. A f\u00e9rfi t\u00f6bb aut\u00f3t is megel\u0151z\u00f6tt, a bels\u0151 s\u00e1vban haladt, szinte figyelembe sem vette a k\u00f6r\u00fcl\u00f6tte k\u00f6zleked\u0151ket. A rolleres v\u00e9d\u0151felszerel\u00e9st sem viselt. A vide\u00f3 k\u00e9sz\u00edt\u0151je szerint a f\u00e9rfi gyakran k\u00f6zlekedik \u00edgy, amivel nem csak mag\u00e1t, [&#8230;]<\/p>\n","protected":false},"author":4,"featured_media":0,"comment_status":"open","ping_status":"closed","sticky":false,"template":"","format":"standard","meta":{"footnotes":""},"categories":[5],"tags":[1085,36,1041,1300,3929],"class_list":["post-24211","post","type-post","status-publish","format-standard","hentry","category-kek-hirek","tag-auto","tag-eger","tag-fout","tag-roller","tag-sav"],"_links":{"self":[{"href":"https:\/\/www.agriatv.hu\/index.php?rest_route=\/wp\/v2\/posts\/24211","targetHints":{"allow":["GET"]}}],"collection":[{"href":"https:\/\/www.agriatv.hu\/index.php?rest_route=\/wp\/v2\/posts"}],"about":[{"href":"https:\/\/www.agriatv.hu\/index.php?rest_route=\/wp\/v2\/types\/post"}],"author":[{"embeddable":true,"href":"https:\/\/www.agriatv.hu\/index.php?rest_route=\/wp\/v2\/users\/4"}],"replies":[{"embeddable":true,"href":"https:\/\/www.agriatv.hu\/index.php?rest_route=%2Fwp%2Fv2%2Fcomments&post=24211"}],"version-history":[{"count":1,"href":"https:\/\/www.agriatv.hu\/index.php?rest_route=\/wp\/v2\/posts\/24211\/revisions"}],"predecessor-version":[{"id":24212,"href":"https:\/\/www.agriatv.hu\/index.php?rest_route=\/wp\/v2\/posts\/24211\/revisions\/24212"}],"wp:attachment":[{"href":"https:\/\/www.agriatv.hu\/index.php?rest_route=%2Fwp%2Fv2%2Fmedia&parent=24211"}],"wp:term":[{"taxonomy":"category","embeddable":true,"href":"https:\/\/www.agriatv.hu\/index.php?rest_route=%2Fwp%2Fv2%2Fcategories&post=24211"},{"taxonomy":"post_tag","embeddable":true,"href":"https:\/\/www.agriatv.hu\/index.php?rest_route=%2Fwp%2Fv2%2Ftags&post=24211"}],"curies":[{"name":"wp","href":"https:\/\/api.w.org\/{rel}","templated":true}]}}