{"id":24215,"date":"2023-02-03T19:17:25","date_gmt":"2023-02-03T19:17:25","guid":{"rendered":"https:\/\/www.agriatv.hu\/?p=24215"},"modified":"2023-02-03T19:17:26","modified_gmt":"2023-02-03T19:17:26","slug":"mellkason-szurta-ismeroset-eliteltek","status":"publish","type":"post","link":"https:\/\/www.agriatv.hu\/?p=24215","title":{"rendered":"Mellkason sz\u00farta ismer\u0151s\u00e9t, el\u00edt\u00e9lt\u00e9k"},"content":{"rendered":"<div class=\"wp-block-image\">\n<figure class=\"alignleft is-resized\"><img loading=\"lazy\" decoding=\"async\" src=\"https:\/\/cdn.tenyek.hu\/media\/5\/55\/55a146443a76d462dfb43070072f1264.jpg\" alt=\"Media player poster frame\" width=\"265\" height=\"148\"\/><\/figure>\n<\/div>\n\n\n<p>A h\u00e1ta m\u00f6g\u00f6tt s\u00e9rtegette, ez\u00e9rt sz\u00farta mellkason egy ismer\u0151s\u00e9t egy f\u00e9rfi Ludason. Az \u00e1ldozat \u00e9letvesz\u00e9lyesen megs\u00e9r\u00fclt. A szurk\u00e1l\u00f3 r\u00e1esett a f\u00e9rfira, amikor a f\u00f6ldre ter\u00edtette, majd elszaladt. A k\u00e9sel\u00e9st megel\u0151z\u0151en egy\u00fctt iszogattak egy h\u00e1zban. A f\u00e9rfit most \u00edt\u00e9lt\u00e9k el, h\u00e1rom \u00e9s f\u00e9l \u00e9vet kapott, azonban ezt az \u00edt\u00e9letet nem fogadta el, \u00edgy az m\u00e9g nem joger\u0151s.<\/p>\n\n\n\n<div style=\"width: 100%; height: 0px; position: relative; padding-bottom: 56%;\"><iframe src=\"https:\/\/tenyek.hu\/embed\/30920_mellkason-szurta-ismeroset-eliteltek?autoplay=0\" frameborder=\"0\" allowfullscreen=\"true\" style=\"width: 100%; height: 100%; position: absolute;\"><\/iframe><\/div>\n","protected":false},"excerpt":{"rendered":"<p>A h\u00e1ta m\u00f6g\u00f6tt s\u00e9rtegette, ez\u00e9rt sz\u00farta mellkason egy ismer\u0151s\u00e9t egy f\u00e9rfi Ludason. Az \u00e1ldozat \u00e9letvesz\u00e9lyesen megs\u00e9r\u00fclt. A szurk\u00e1l\u00f3 r\u00e1esett a f\u00e9rfira, amikor a f\u00f6ldre ter\u00edtette, majd elszaladt. A k\u00e9sel\u00e9st megel\u0151z\u0151en egy\u00fctt iszogattak egy h\u00e1zban. A f\u00e9rfit most \u00edt\u00e9lt\u00e9k el, h\u00e1rom \u00e9s f\u00e9l \u00e9vet kapott, azonban ezt az \u00edt\u00e9letet nem fogadta el, \u00edgy az m\u00e9g nem [&#8230;]<\/p>\n","protected":false},"author":4,"featured_media":0,"comment_status":"open","ping_status":"closed","sticky":false,"template":"","format":"standard","meta":{"footnotes":""},"categories":[5],"tags":[921,3663,2296,1329,2261,2165],"class_list":["post-24215","post","type-post","status-publish","format-standard","hentry","category-kek-hirek","tag-alkohol","tag-ismeros","tag-itelet","tag-kes","tag-ludas","tag-szuras"],"_links":{"self":[{"href":"https:\/\/www.agriatv.hu\/index.php?rest_route=\/wp\/v2\/posts\/24215","targetHints":{"allow":["GET"]}}],"collection":[{"href":"https:\/\/www.agriatv.hu\/index.php?rest_route=\/wp\/v2\/posts"}],"about":[{"href":"https:\/\/www.agriatv.hu\/index.php?rest_route=\/wp\/v2\/types\/post"}],"author":[{"embeddable":true,"href":"https:\/\/www.agriatv.hu\/index.php?rest_route=\/wp\/v2\/users\/4"}],"replies":[{"embeddable":true,"href":"https:\/\/www.agriatv.hu\/index.php?rest_route=%2Fwp%2Fv2%2Fcomments&post=24215"}],"version-history":[{"count":1,"href":"https:\/\/www.agriatv.hu\/index.php?rest_route=\/wp\/v2\/posts\/24215\/revisions"}],"predecessor-version":[{"id":24216,"href":"https:\/\/www.agriatv.hu\/index.php?rest_route=\/wp\/v2\/posts\/24215\/revisions\/24216"}],"wp:attachment":[{"href":"https:\/\/www.agriatv.hu\/index.php?rest_route=%2Fwp%2Fv2%2Fmedia&parent=24215"}],"wp:term":[{"taxonomy":"category","embeddable":true,"href":"https:\/\/www.agriatv.hu\/index.php?rest_route=%2Fwp%2Fv2%2Fcategories&post=24215"},{"taxonomy":"post_tag","embeddable":true,"href":"https:\/\/www.agriatv.hu\/index.php?rest_route=%2Fwp%2Fv2%2Ftags&post=24215"}],"curies":[{"name":"wp","href":"https:\/\/api.w.org\/{rel}","templated":true}]}}