{"id":24277,"date":"2023-03-24T18:57:13","date_gmt":"2023-03-24T18:57:13","guid":{"rendered":"https:\/\/www.agriatv.hu\/?p=24277"},"modified":"2023-03-24T18:57:14","modified_gmt":"2023-03-24T18:57:14","slug":"fakitermeles-kozben-meghalt-egy-favago-bukkszenterzsebeten","status":"publish","type":"post","link":"https:\/\/www.agriatv.hu\/?p=24277","title":{"rendered":"Fakitermel\u00e9s k\u00f6zben meghalt egy fav\u00e1g\u00f3 B\u00fckkszenterzs\u00e9beten"},"content":{"rendered":"<div class=\"wp-block-image\">\n<figure class=\"alignleft is-resized\"><img loading=\"lazy\" decoding=\"async\" src=\"https:\/\/cdn.tenyek.hu\/media\/0\/0c\/0c9444641ff74147f1283274f8e6331e.jpg\" alt=\"Media player poster frame\" width=\"196\" height=\"109\"\/><\/figure>\n<\/div>\n\n\n<p>Megt\u00f6rve nyilatkoztak annak a f\u00e9rfinak a rokonai, akit egy fa nyomott agyon munka k\u00f6zben a b\u00fckkszenterzs\u00e9beti erd\u0151ben. A csal\u00e1d szerint a f\u00e9rfi nem kapott munkav\u00e9delmi ruh\u00e1t, pedig a sisak megmenthette volna az \u00e9let\u00e9t. A trag\u00e9dia ut\u00e1n r\u00e1ad\u00e1sul a v\u00e1llalkoz\u00f3 titkolni pr\u00f3b\u00e1lta a balesetet, a csal\u00e1d csak a t\u00f6bbi munk\u00e1st\u00f3l tudta meg, hogy mi t\u00f6rt\u00e9nt. A fakitermel\u0151t most a feles\u00e9ge, h\u00e1rom fia \u00e9s az unok\u00e1i gy\u00e1szolj\u00e1k.<\/p>\n\n\n\n<div style=\"width: 100%; height: 0px; position: relative; padding-bottom: 56%;\"><iframe src=\"https:\/\/tenyek.hu\/embed\/32666_halalra-nyomta-a-kidolt-fa-a-csaladapat?autoplay=0\" frameborder=\"0\" allowfullscreen=\"true\" style=\"width: 100%; height: 100%; position: absolute;\"><\/iframe><\/div>\n\n\n\n<p>Fakitermel\u00e9s k\u00f6zben hal\u00e1los balesetet szenvedett cs\u00fct\u00f6rt\u00f6k\u00f6n egy 58 \u00e9ves fav\u00e1g\u00f3 a Heves megyei B\u00fckkszenterzs\u00e9beten. Az RTL H\u00edrad\u00f3 \u00fagy tudja, traktorral vontatt\u00e1k a fat\u00f6rzseket, amikor a baleset t\u00f6rt\u00e9nt. Ment\u0151helikopter is \u00e9rkezett a helysz\u00ednre, de a f\u00e9rfi \u00e9let\u00e9t m\u00e1r nem lehetett megmenteni. Csal\u00e1dja szerint rokonuk nem viselt v\u00e9d\u0151felszerel\u00e9st, az erd\u0151 vagyonkezel\u0151je nem v\u00e1laszolt a H\u00edrad\u00f3 k\u00e9rd\u00e9seikre.<\/p>\n\n\n\n<div style=\"width: 100%; height: 0px; position: relative; padding-bottom: 56%;\"><iframe src=\"https:\/\/embed.rtl.hu\/embed\/2088145?autoplay=0\" frameborder=\"0\" allowfullscreen=\"true\" style=\"width: 100%; height: 100%; position: absolute;\"><\/iframe><\/div>\n","protected":false},"excerpt":{"rendered":"<p>Megt\u00f6rve nyilatkoztak annak a f\u00e9rfinak a rokonai, akit egy fa nyomott agyon munka k\u00f6zben a b\u00fckkszenterzs\u00e9beti erd\u0151ben. A csal\u00e1d szerint a f\u00e9rfi nem kapott munkav\u00e9delmi ruh\u00e1t, pedig a sisak megmenthette volna az \u00e9let\u00e9t. A trag\u00e9dia ut\u00e1n r\u00e1ad\u00e1sul a v\u00e1llalkoz\u00f3 titkolni pr\u00f3b\u00e1lta a balesetet, a csal\u00e1d csak a t\u00f6bbi munk\u00e1st\u00f3l tudta meg, hogy mi t\u00f6rt\u00e9nt. A [&#8230;]<\/p>\n","protected":false},"author":4,"featured_media":0,"comment_status":"open","ping_status":"closed","sticky":false,"template":"","format":"standard","meta":{"footnotes":""},"categories":[5],"tags":[41,1885,1088,4114,876,380,122,1899],"class_list":["post-24277","post","type-post","status-publish","format-standard","hentry","category-kek-hirek","tag-baleset","tag-bukkszenterzsebet","tag-erdo","tag-favagas","tag-helikopter","tag-mento","tag-rendorseg","tag-traktor"],"_links":{"self":[{"href":"https:\/\/www.agriatv.hu\/index.php?rest_route=\/wp\/v2\/posts\/24277","targetHints":{"allow":["GET"]}}],"collection":[{"href":"https:\/\/www.agriatv.hu\/index.php?rest_route=\/wp\/v2\/posts"}],"about":[{"href":"https:\/\/www.agriatv.hu\/index.php?rest_route=\/wp\/v2\/types\/post"}],"author":[{"embeddable":true,"href":"https:\/\/www.agriatv.hu\/index.php?rest_route=\/wp\/v2\/users\/4"}],"replies":[{"embeddable":true,"href":"https:\/\/www.agriatv.hu\/index.php?rest_route=%2Fwp%2Fv2%2Fcomments&post=24277"}],"version-history":[{"count":1,"href":"https:\/\/www.agriatv.hu\/index.php?rest_route=\/wp\/v2\/posts\/24277\/revisions"}],"predecessor-version":[{"id":24278,"href":"https:\/\/www.agriatv.hu\/index.php?rest_route=\/wp\/v2\/posts\/24277\/revisions\/24278"}],"wp:attachment":[{"href":"https:\/\/www.agriatv.hu\/index.php?rest_route=%2Fwp%2Fv2%2Fmedia&parent=24277"}],"wp:term":[{"taxonomy":"category","embeddable":true,"href":"https:\/\/www.agriatv.hu\/index.php?rest_route=%2Fwp%2Fv2%2Fcategories&post=24277"},{"taxonomy":"post_tag","embeddable":true,"href":"https:\/\/www.agriatv.hu\/index.php?rest_route=%2Fwp%2Fv2%2Ftags&post=24277"}],"curies":[{"name":"wp","href":"https:\/\/api.w.org\/{rel}","templated":true}]}}