{"id":24281,"date":"2023-03-26T16:57:23","date_gmt":"2023-03-26T16:57:23","guid":{"rendered":"https:\/\/www.agriatv.hu\/?p=24281"},"modified":"2023-03-26T16:57:24","modified_gmt":"2023-03-26T16:57:24","slug":"meghalt-apjuk-miatt-allhattak-bosszut","status":"publish","type":"post","link":"https:\/\/www.agriatv.hu\/?p=24281","title":{"rendered":"Meghalt apjuk miatt \u00e1llhattak bossz\u00fat"},"content":{"rendered":"<div class=\"wp-block-image\">\n<figure class=\"alignleft is-resized\"><img loading=\"lazy\" decoding=\"async\" src=\"https:\/\/cdn.tenyek.hu\/media\/f\/f3\/f319db1bb832dd2ebf54e2bfc1f5642f.jpg\" alt=\"Media player poster frame\" width=\"221\" height=\"123\"\/><\/figure>\n<\/div>\n\n\n<p>Bossz\u00fab\u00f3l sz\u00e9tvert\u00e9k a kocsij\u00e1t \u00e9s \u00e9letvesz\u00e9lyesen megfenyegett\u00e9k &#8211; ezt mondja az a b\u00fckkszenterzs\u00e9beti v\u00e1llalkoz\u00f3, akit egy fav\u00e1g\u00f3 hal\u00e1la miatt hib\u00e1ztatnak a rokonok. A v\u00e1llalkoz\u00f3 szerint szombat este k\u00e9t f\u00e9rfi t\u00f6rt &#8211; z\u00fazott odakint \u00e9s azt \u00fcv\u00f6lt\u00f6tt\u00e9k, hogy meg\u00f6lik \u00e9s feldarabolj\u00e1k. A fav\u00e1g\u00f3 n\u00e9h\u00e1ny napja halt meg. Agyonnyomta egy fa. Csal\u00e1dja szerint a v\u00e1llalkoz\u00f3 nem adott neki v\u00e9d\u0151ruh\u00e1t, pedig egy sisak megmenthette volna az \u00e9let\u00e9t. A rend\u0151rs\u00e9g mindk\u00e9t \u00fcgyben nyomoz.<\/p>\n\n\n\n<div style=\"width: 100%; height: 0px; position: relative; padding-bottom: 56%;\"><iframe src=\"https:\/\/tenyek.hu\/embed\/32721_meghalt-apjuk-miatt-allhattak-bosszut?autoplay=0\" frameborder=\"0\" allowfullscreen=\"true\" style=\"width: 100%; height: 100%; position: absolute;\"><\/iframe><\/div>\n\n\n\n<p>Megfenyegett\u00e9k \u00e9s sz\u00e9tvert\u00e9k az aut\u00f3j\u00e1t annak a v\u00e1llalkoz\u00f3nak, akinek egyik munk\u00e1sa munkahelyi balesetben halt meg fakitermel\u00e9s k\u00f6zben cs\u00fct\u00f6rt\u00f6k\u00f6n. A t\u00e1mad\u00f3k a v\u00e1llalkoz\u00f3 szerint a heves megyei tarnaleleszi otthon\u00e1n\u00e1l azt kiab\u00e1lt\u00e1k, meg\u00f6lik \u00e9s feldarabolj\u00e1k. A rend\u0151r\u00f6k gar\u00e1zdas\u00e1g miatt ind\u00edtottak elj\u00e1r\u00e1st. Gyan\u00fas\u00edtott egyel\u0151re nincs.<\/p>\n\n\n\n<div style=\"width: 100%; height: 0px; position: relative; padding-bottom: 56%;\"><iframe src=\"https:\/\/embed.rtl.hu\/embed\/2088865?autoplay=0\" frameborder=\"0\" allowfullscreen=\"true\" style=\"width: 100%; height: 100%; position: absolute;\"><\/iframe><\/div>\n","protected":false},"excerpt":{"rendered":"<p>Bossz\u00fab\u00f3l sz\u00e9tvert\u00e9k a kocsij\u00e1t \u00e9s \u00e9letvesz\u00e9lyesen megfenyegett\u00e9k &#8211; ezt mondja az a b\u00fckkszenterzs\u00e9beti v\u00e1llalkoz\u00f3, akit egy fav\u00e1g\u00f3 hal\u00e1la miatt hib\u00e1ztatnak a rokonok. A v\u00e1llalkoz\u00f3 szerint szombat este k\u00e9t f\u00e9rfi t\u00f6rt &#8211; z\u00fazott odakint \u00e9s azt \u00fcv\u00f6lt\u00f6tt\u00e9k, hogy meg\u00f6lik \u00e9s feldarabolj\u00e1k. A fav\u00e1g\u00f3 n\u00e9h\u00e1ny napja halt meg. Agyonnyomta egy fa. Csal\u00e1dja szerint a v\u00e1llalkoz\u00f3 nem adott [&#8230;]<\/p>\n","protected":false},"author":4,"featured_media":0,"comment_status":"open","ping_status":"closed","sticky":false,"template":"","format":"standard","meta":{"footnotes":""},"categories":[5],"tags":[41,1885,487,1900,2328,1873],"class_list":["post-24281","post","type-post","status-publish","format-standard","hentry","category-kek-hirek","tag-baleset","tag-bukkszenterzsebet","tag-csalad","tag-favago","tag-fenyegetes","tag-rongalas"],"_links":{"self":[{"href":"https:\/\/www.agriatv.hu\/index.php?rest_route=\/wp\/v2\/posts\/24281","targetHints":{"allow":["GET"]}}],"collection":[{"href":"https:\/\/www.agriatv.hu\/index.php?rest_route=\/wp\/v2\/posts"}],"about":[{"href":"https:\/\/www.agriatv.hu\/index.php?rest_route=\/wp\/v2\/types\/post"}],"author":[{"embeddable":true,"href":"https:\/\/www.agriatv.hu\/index.php?rest_route=\/wp\/v2\/users\/4"}],"replies":[{"embeddable":true,"href":"https:\/\/www.agriatv.hu\/index.php?rest_route=%2Fwp%2Fv2%2Fcomments&post=24281"}],"version-history":[{"count":1,"href":"https:\/\/www.agriatv.hu\/index.php?rest_route=\/wp\/v2\/posts\/24281\/revisions"}],"predecessor-version":[{"id":24282,"href":"https:\/\/www.agriatv.hu\/index.php?rest_route=\/wp\/v2\/posts\/24281\/revisions\/24282"}],"wp:attachment":[{"href":"https:\/\/www.agriatv.hu\/index.php?rest_route=%2Fwp%2Fv2%2Fmedia&parent=24281"}],"wp:term":[{"taxonomy":"category","embeddable":true,"href":"https:\/\/www.agriatv.hu\/index.php?rest_route=%2Fwp%2Fv2%2Fcategories&post=24281"},{"taxonomy":"post_tag","embeddable":true,"href":"https:\/\/www.agriatv.hu\/index.php?rest_route=%2Fwp%2Fv2%2Ftags&post=24281"}],"curies":[{"name":"wp","href":"https:\/\/api.w.org\/{rel}","templated":true}]}}