{"id":24283,"date":"2023-03-27T16:44:10","date_gmt":"2023-03-27T16:44:10","guid":{"rendered":"https:\/\/www.agriatv.hu\/?p=24283"},"modified":"2023-03-27T16:44:12","modified_gmt":"2023-03-27T16:44:12","slug":"kiskoru-fiukkal-szexeltek-levideoztak","status":"publish","type":"post","link":"https:\/\/www.agriatv.hu\/?p=24283","title":{"rendered":"Kiskor\u00fa fi\u00fakkal szexeltek, levide\u00f3zt\u00e1k"},"content":{"rendered":"<div class=\"wp-block-image\">\n<figure class=\"alignleft is-resized\"><img loading=\"lazy\" decoding=\"async\" src=\"https:\/\/cdn.tenyek.hu\/media\/2\/25\/25e86c15d871b80938b4abcc79013548.jpg\" alt=\"Media player poster frame\" width=\"224\" height=\"125\"\/><\/figure>\n<\/div>\n\n\n<p>Kiskor\u00fa fi\u00fakkal szexelt, titokban pedig vide\u00f3felv\u00e9telt k\u00e9sz\u00edtett az aktusr\u00f3l az a k\u00e9t Heves v\u00e1rmegyei f\u00e9rfi, akiket a napokban fogott el a rend\u0151rs\u00e9g. A f\u00e9rfiak a fi\u00faknak a szolg\u00e1ltat\u00e1saik\u00e9rt cser\u00e9be k\u00e9szp\u00e9nzt, energiaitalt, cigarett\u00e1t \u00e9s mobiltelefont adtak. A kamer\u00e1kat USB-adathordoz\u00f3ba \u00e9s a f\u00fcgg\u00f6nykarnisba rejtett\u00e9k, amir\u0151l a gyerekek r\u00e1ad\u00e1sul semmit nem tudtak.<\/p>\n\n\n\n<div style=\"width: 100%; height: 0px; position: relative; padding-bottom: 56%;\"><iframe src=\"https:\/\/tenyek.hu\/embed\/32756_kiskoru-fiukkal-szexeltek-levideoztak?autoplay=0\" frameborder=\"0\" allowfullscreen=\"true\" style=\"width: 100%; height: 100%; position: absolute;\"><\/iframe><\/div>\n","protected":false},"excerpt":{"rendered":"<p>Kiskor\u00fa fi\u00fakkal szexelt, titokban pedig vide\u00f3felv\u00e9telt k\u00e9sz\u00edtett az aktusr\u00f3l az a k\u00e9t Heves v\u00e1rmegyei f\u00e9rfi, akiket a napokban fogott el a rend\u0151rs\u00e9g. A f\u00e9rfiak a fi\u00faknak a szolg\u00e1ltat\u00e1saik\u00e9rt cser\u00e9be k\u00e9szp\u00e9nzt, energiaitalt, cigarett\u00e1t \u00e9s mobiltelefont adtak. A kamer\u00e1kat USB-adathordoz\u00f3ba \u00e9s a f\u00fcgg\u00f6nykarnisba rejtett\u00e9k, amir\u0151l a gyerekek r\u00e1ad\u00e1sul semmit nem tudtak.<\/p>\n","protected":false},"author":4,"featured_media":0,"comment_status":"open","ping_status":"closed","sticky":false,"template":"","format":"standard","meta":{"footnotes":""},"categories":[5],"tags":[2426,2083,122,3962,749,2127],"class_list":["post-24283","post","type-post","status-publish","format-standard","hentry","category-kek-hirek","tag-fiu","tag-kiskoru","tag-rendorseg","tag-szex","tag-szolgaltatas","tag-video"],"_links":{"self":[{"href":"https:\/\/www.agriatv.hu\/index.php?rest_route=\/wp\/v2\/posts\/24283","targetHints":{"allow":["GET"]}}],"collection":[{"href":"https:\/\/www.agriatv.hu\/index.php?rest_route=\/wp\/v2\/posts"}],"about":[{"href":"https:\/\/www.agriatv.hu\/index.php?rest_route=\/wp\/v2\/types\/post"}],"author":[{"embeddable":true,"href":"https:\/\/www.agriatv.hu\/index.php?rest_route=\/wp\/v2\/users\/4"}],"replies":[{"embeddable":true,"href":"https:\/\/www.agriatv.hu\/index.php?rest_route=%2Fwp%2Fv2%2Fcomments&post=24283"}],"version-history":[{"count":1,"href":"https:\/\/www.agriatv.hu\/index.php?rest_route=\/wp\/v2\/posts\/24283\/revisions"}],"predecessor-version":[{"id":24284,"href":"https:\/\/www.agriatv.hu\/index.php?rest_route=\/wp\/v2\/posts\/24283\/revisions\/24284"}],"wp:attachment":[{"href":"https:\/\/www.agriatv.hu\/index.php?rest_route=%2Fwp%2Fv2%2Fmedia&parent=24283"}],"wp:term":[{"taxonomy":"category","embeddable":true,"href":"https:\/\/www.agriatv.hu\/index.php?rest_route=%2Fwp%2Fv2%2Fcategories&post=24283"},{"taxonomy":"post_tag","embeddable":true,"href":"https:\/\/www.agriatv.hu\/index.php?rest_route=%2Fwp%2Fv2%2Ftags&post=24283"}],"curies":[{"name":"wp","href":"https:\/\/api.w.org\/{rel}","templated":true}]}}