{"id":24285,"date":"2023-03-27T16:53:15","date_gmt":"2023-03-27T16:53:15","guid":{"rendered":"https:\/\/www.agriatv.hu\/?p=24285"},"modified":"2023-03-27T16:53:16","modified_gmt":"2023-03-27T16:53:16","slug":"borert-vegeztettek-vele-rabszolgamunkat","status":"publish","type":"post","link":"https:\/\/www.agriatv.hu\/?p=24285","title":{"rendered":"Bor\u00e9rt v\u00e9geztettek vele rabszolgamunk\u00e1t"},"content":{"rendered":"<div class=\"wp-block-image\">\n<figure class=\"alignleft is-resized\"><img loading=\"lazy\" decoding=\"async\" src=\"https:\/\/cdn.tenyek.hu\/media\/1\/18\/182f905664584a3f4a77929b92f6ad92.jpg\" alt=\"Media player poster frame\" width=\"244\" height=\"136\"\/><\/figure>\n<\/div>\n\n\n<p>Bor\u00e9rt v\u00e9geztetett rabszolgamunk\u00e1t egy f\u00e9rfival egy h\u00e1romtag\u00fa csal\u00e1d Rakac\u00e1n. \u00c9jjel-nappal dolgoztatt\u00e1k a f\u00e9rfit, p\u00e9nzt azonban nem kapott a munk\u00e1\u00e9rt, csak alkoholt \u00e9s egy kev\u00e9s ennival\u00f3t. Egy hat f\u0151s csal\u00e1d h\u00e1tr\u00e1nyos helyzet\u00e9t is kihaszn\u00e1lt\u00e1k. \u0150k m\u00e9g enni is csak hitelbe kaptak, r\u00e1ad\u00e1sul lakb\u00e9rt is kellett fizetni\u00fck. A rabszolgatart\u00f3k ellen most emeltek v\u00e1dat.<\/p>\n\n\n\n<div style=\"width: 100%; height: 0px; position: relative; padding-bottom: 56%;\"><iframe src=\"https:\/\/tenyek.hu\/embed\/32762_borert-vegeztettek-vele-rabszolgamunkat?autoplay=0\" frameborder=\"0\" allowfullscreen=\"true\" style=\"width: 100%; height: 100%; position: absolute;\"><\/iframe><\/div>\n","protected":false},"excerpt":{"rendered":"<p>Bor\u00e9rt v\u00e9geztetett rabszolgamunk\u00e1t egy f\u00e9rfival egy h\u00e1romtag\u00fa csal\u00e1d Rakac\u00e1n. \u00c9jjel-nappal dolgoztatt\u00e1k a f\u00e9rfit, p\u00e9nzt azonban nem kapott a munk\u00e1\u00e9rt, csak alkoholt \u00e9s egy kev\u00e9s ennival\u00f3t. Egy hat f\u0151s csal\u00e1d h\u00e1tr\u00e1nyos helyzet\u00e9t is kihaszn\u00e1lt\u00e1k. \u0150k m\u00e9g enni is csak hitelbe kaptak, r\u00e1ad\u00e1sul lakb\u00e9rt is kellett fizetni\u00fck. A rabszolgatart\u00f3k ellen most emeltek v\u00e1dat.<\/p>\n","protected":false},"author":4,"featured_media":0,"comment_status":"open","ping_status":"closed","sticky":false,"template":"","format":"standard","meta":{"footnotes":""},"categories":[5],"tags":[160,267,1359,1344,4116,447,2152],"class_list":["post-24285","post","type-post","status-publish","format-standard","hentry","category-kek-hirek","tag-bor","tag-hitel","tag-penz","tag-rabszolga","tag-rakaca","tag-ugyeszseg","tag-vademeles"],"_links":{"self":[{"href":"https:\/\/www.agriatv.hu\/index.php?rest_route=\/wp\/v2\/posts\/24285","targetHints":{"allow":["GET"]}}],"collection":[{"href":"https:\/\/www.agriatv.hu\/index.php?rest_route=\/wp\/v2\/posts"}],"about":[{"href":"https:\/\/www.agriatv.hu\/index.php?rest_route=\/wp\/v2\/types\/post"}],"author":[{"embeddable":true,"href":"https:\/\/www.agriatv.hu\/index.php?rest_route=\/wp\/v2\/users\/4"}],"replies":[{"embeddable":true,"href":"https:\/\/www.agriatv.hu\/index.php?rest_route=%2Fwp%2Fv2%2Fcomments&post=24285"}],"version-history":[{"count":1,"href":"https:\/\/www.agriatv.hu\/index.php?rest_route=\/wp\/v2\/posts\/24285\/revisions"}],"predecessor-version":[{"id":24286,"href":"https:\/\/www.agriatv.hu\/index.php?rest_route=\/wp\/v2\/posts\/24285\/revisions\/24286"}],"wp:attachment":[{"href":"https:\/\/www.agriatv.hu\/index.php?rest_route=%2Fwp%2Fv2%2Fmedia&parent=24285"}],"wp:term":[{"taxonomy":"category","embeddable":true,"href":"https:\/\/www.agriatv.hu\/index.php?rest_route=%2Fwp%2Fv2%2Fcategories&post=24285"},{"taxonomy":"post_tag","embeddable":true,"href":"https:\/\/www.agriatv.hu\/index.php?rest_route=%2Fwp%2Fv2%2Ftags&post=24285"}],"curies":[{"name":"wp","href":"https:\/\/api.w.org\/{rel}","templated":true}]}}