{"id":24328,"date":"2023-04-16T17:35:36","date_gmt":"2023-04-16T17:35:36","guid":{"rendered":"https:\/\/www.agriatv.hu\/?p=24328"},"modified":"2023-04-16T17:35:37","modified_gmt":"2023-04-16T17:35:37","slug":"biztonsagi-or-egett-halalra-a-balesetben","status":"publish","type":"post","link":"https:\/\/www.agriatv.hu\/?p=24328","title":{"rendered":"Biztons\u00e1gi \u0151r \u00e9gett hal\u00e1lra a balesetben"},"content":{"rendered":"<div class=\"wp-block-image\">\n<figure class=\"alignleft is-resized\"><img loading=\"lazy\" decoding=\"async\" src=\"https:\/\/cdn.tenyek.hu\/media\/8\/8c\/8c25d227756933ba1be8c506f8681968.jpg\" alt=\"Media player poster frame\" width=\"206\" height=\"115\"\/><\/figure>\n<\/div>\n\n\n<p>Egy 24 \u00e9ves biztons\u00e1gi \u0151r \u00e9gett hal\u00e1lra a cs\u00fct\u00f6rt\u00f6k esti brut\u00e1lis balesetben K\u00e1polna k\u00f6zel\u00e9ben. 180-nal csap\u00f3dott egy f\u00e1nak, az aut\u00f3 kigyulladt. A sof\u0151r ugyan kisz\u00e1llt, de a felismerhetetlens\u00e9gig \u00f6ssze\u00e9gett. Koll\u00e9g\u00e1i \u00e9s csal\u00e1dja nem \u00e9rtik, mi\u00e9rt ment ilyen gyorsan, nem tudj\u00e1k felfogni, hogy meghalt. Munkat\u00e1rsai p\u00e9nzt gy\u0171jtenek a temet\u00e9s\u00e9re.<\/p>\n\n\n\n<div style=\"width: 100%; height: 0px; position: relative; padding-bottom: 56%;\"><iframe src=\"https:\/\/tenyek.hu\/embed\/33471_biztonsagi-or-egett-halalra-a-balesetben?autoplay=0\" frameborder=\"0\" allowfullscreen=\"true\" style=\"width: 100%; height: 100%; position: absolute;\"><\/iframe><\/div>\n","protected":false},"excerpt":{"rendered":"<p>Egy 24 \u00e9ves biztons\u00e1gi \u0151r \u00e9gett hal\u00e1lra a cs\u00fct\u00f6rt\u00f6k esti brut\u00e1lis balesetben K\u00e1polna k\u00f6zel\u00e9ben. 180-nal csap\u00f3dott egy f\u00e1nak, az aut\u00f3 kigyulladt. A sof\u0151r ugyan kisz\u00e1llt, de a felismerhetetlens\u00e9gig \u00f6ssze\u00e9gett. Koll\u00e9g\u00e1i \u00e9s csal\u00e1dja nem \u00e9rtik, mi\u00e9rt ment ilyen gyorsan, nem tudj\u00e1k felfogni, hogy meghalt. Munkat\u00e1rsai p\u00e9nzt gy\u0171jtenek a temet\u00e9s\u00e9re.<\/p>\n","protected":false},"author":4,"featured_media":0,"comment_status":"open","ping_status":"closed","sticky":false,"template":"","format":"standard","meta":{"footnotes":""},"categories":[5],"tags":[41,487,116,359,1042],"class_list":["post-24328","post","type-post","status-publish","format-standard","hentry","category-kek-hirek","tag-baleset","tag-csalad","tag-fa","tag-gyujtes","tag-kapolna"],"_links":{"self":[{"href":"https:\/\/www.agriatv.hu\/index.php?rest_route=\/wp\/v2\/posts\/24328","targetHints":{"allow":["GET"]}}],"collection":[{"href":"https:\/\/www.agriatv.hu\/index.php?rest_route=\/wp\/v2\/posts"}],"about":[{"href":"https:\/\/www.agriatv.hu\/index.php?rest_route=\/wp\/v2\/types\/post"}],"author":[{"embeddable":true,"href":"https:\/\/www.agriatv.hu\/index.php?rest_route=\/wp\/v2\/users\/4"}],"replies":[{"embeddable":true,"href":"https:\/\/www.agriatv.hu\/index.php?rest_route=%2Fwp%2Fv2%2Fcomments&post=24328"}],"version-history":[{"count":1,"href":"https:\/\/www.agriatv.hu\/index.php?rest_route=\/wp\/v2\/posts\/24328\/revisions"}],"predecessor-version":[{"id":24329,"href":"https:\/\/www.agriatv.hu\/index.php?rest_route=\/wp\/v2\/posts\/24328\/revisions\/24329"}],"wp:attachment":[{"href":"https:\/\/www.agriatv.hu\/index.php?rest_route=%2Fwp%2Fv2%2Fmedia&parent=24328"}],"wp:term":[{"taxonomy":"category","embeddable":true,"href":"https:\/\/www.agriatv.hu\/index.php?rest_route=%2Fwp%2Fv2%2Fcategories&post=24328"},{"taxonomy":"post_tag","embeddable":true,"href":"https:\/\/www.agriatv.hu\/index.php?rest_route=%2Fwp%2Fv2%2Ftags&post=24328"}],"curies":[{"name":"wp","href":"https:\/\/api.w.org\/{rel}","templated":true}]}}