{"id":24346,"date":"2023-04-27T18:22:58","date_gmt":"2023-04-27T18:22:58","guid":{"rendered":"https:\/\/www.agriatv.hu\/?p=24346"},"modified":"2023-04-27T18:22:59","modified_gmt":"2023-04-27T18:22:59","slug":"megszurkalta-majd-asoval-verte-baratjat","status":"publish","type":"post","link":"https:\/\/www.agriatv.hu\/?p=24346","title":{"rendered":"Megszurk\u00e1lta, majd \u00e1s\u00f3val verte bar\u00e1tj\u00e1t"},"content":{"rendered":"<div class=\"wp-block-image\">\n<figure class=\"alignleft is-resized\"><img loading=\"lazy\" decoding=\"async\" src=\"https:\/\/cdn.tenyek.hu\/media\/9\/98\/98fa3d9f5655364c795bd6b6872bc742.jpg\" alt=\"Media player poster frame\" width=\"232\" height=\"130\"\/><\/figure>\n<\/div>\n\n\n<p>Kegyetlen\u00fcl v\u00e9gzett \u00e1ldozat\u00e1val a buj\u00e1ki gyilkos. El\u0151bb \u00f6sszeszurk\u00e1lta, majd egy \u00e1s\u00f3val fejbe is verte a f\u00e9rfit, ezut\u00e1n \u00e1sta el a holttest\u00e9t. Az\u00e9rt \u00f6lte meg a fiatal csal\u00e1dap\u00e1t, mert szerelmes volt a f\u00e9rfi feles\u00e9g\u00e9be, akit \u00edgy akart megszerezni. A gyilkoss\u00e1g ut\u00e1n m\u00e9g v\u00e9resen felkereste az agg\u00f3d\u00f3 n\u0151t, akinek azt mondta: ezent\u00fal \u0151 fog vigy\u00e1zni r\u00e1. A rend\u0151r\u00f6knek mindent beismert, p\u00e9nteken d\u00f6ntenek a letart\u00f3ztat\u00e1s\u00e1r\u00f3l.<\/p>\n\n\n\n<div style=\"width: 100%; height: 0px; position: relative; padding-bottom: 56%;\"><iframe src=\"https:\/\/tenyek.hu\/embed\/33877_megszurkalta-majd-asoval-verte-baratjat?autoplay=0\" frameborder=\"0\" allowfullscreen=\"true\" style=\"width: 100%; height: 100%; position: absolute;\"><\/iframe><\/div>\n","protected":false},"excerpt":{"rendered":"<p>Kegyetlen\u00fcl v\u00e9gzett \u00e1ldozat\u00e1val a buj\u00e1ki gyilkos. El\u0151bb \u00f6sszeszurk\u00e1lta, majd egy \u00e1s\u00f3val fejbe is verte a f\u00e9rfit, ezut\u00e1n \u00e1sta el a holttest\u00e9t. Az\u00e9rt \u00f6lte meg a fiatal csal\u00e1dap\u00e1t, mert szerelmes volt a f\u00e9rfi feles\u00e9g\u00e9be, akit \u00edgy akart megszerezni. A gyilkoss\u00e1g ut\u00e1n m\u00e9g v\u00e9resen felkereste az agg\u00f3d\u00f3 n\u0151t, akinek azt mondta: ezent\u00fal \u0151 fog vigy\u00e1zni r\u00e1. A [&#8230;]<\/p>\n","protected":false},"author":4,"featured_media":0,"comment_status":"open","ping_status":"closed","sticky":false,"template":"","format":"standard","meta":{"footnotes":""},"categories":[5],"tags":[3630,3823,3948,2487,1079,122],"class_list":["post-24346","post","type-post","status-publish","format-standard","hentry","category-kek-hirek","tag-aso","tag-beismeres","tag-bujak","tag-gyilkos","tag-gyilkossag","tag-rendorseg"],"_links":{"self":[{"href":"https:\/\/www.agriatv.hu\/index.php?rest_route=\/wp\/v2\/posts\/24346","targetHints":{"allow":["GET"]}}],"collection":[{"href":"https:\/\/www.agriatv.hu\/index.php?rest_route=\/wp\/v2\/posts"}],"about":[{"href":"https:\/\/www.agriatv.hu\/index.php?rest_route=\/wp\/v2\/types\/post"}],"author":[{"embeddable":true,"href":"https:\/\/www.agriatv.hu\/index.php?rest_route=\/wp\/v2\/users\/4"}],"replies":[{"embeddable":true,"href":"https:\/\/www.agriatv.hu\/index.php?rest_route=%2Fwp%2Fv2%2Fcomments&post=24346"}],"version-history":[{"count":1,"href":"https:\/\/www.agriatv.hu\/index.php?rest_route=\/wp\/v2\/posts\/24346\/revisions"}],"predecessor-version":[{"id":24347,"href":"https:\/\/www.agriatv.hu\/index.php?rest_route=\/wp\/v2\/posts\/24346\/revisions\/24347"}],"wp:attachment":[{"href":"https:\/\/www.agriatv.hu\/index.php?rest_route=%2Fwp%2Fv2%2Fmedia&parent=24346"}],"wp:term":[{"taxonomy":"category","embeddable":true,"href":"https:\/\/www.agriatv.hu\/index.php?rest_route=%2Fwp%2Fv2%2Fcategories&post=24346"},{"taxonomy":"post_tag","embeddable":true,"href":"https:\/\/www.agriatv.hu\/index.php?rest_route=%2Fwp%2Fv2%2Ftags&post=24346"}],"curies":[{"name":"wp","href":"https:\/\/api.w.org\/{rel}","templated":true}]}}