{"id":24378,"date":"2023-05-17T18:48:25","date_gmt":"2023-05-17T18:48:25","guid":{"rendered":"https:\/\/www.agriatv.hu\/?p=24378"},"modified":"2023-05-17T18:48:26","modified_gmt":"2023-05-17T18:48:26","slug":"fejjel-lefele-esett-a-vizbe-a-kisfiu","status":"publish","type":"post","link":"https:\/\/www.agriatv.hu\/?p=24378","title":{"rendered":"Fejjel lefel\u00e9 esett a v\u00edzbe a kisfi\u00fa"},"content":{"rendered":"<div class=\"wp-block-image\">\n<figure class=\"alignleft is-resized\"><img loading=\"lazy\" decoding=\"async\" src=\"https:\/\/cdn.tenyek.hu\/media\/e\/e2\/e218b9180bba6e37bfee79a6ad778584.jpg\" alt=\"Media player poster frame\" width=\"254\" height=\"142\"\/><\/figure>\n<\/div>\n\n\n<p>Az eg\u00e9sz falu a h\u00e1rom\u00e9ves Valentin\u00f3t gy\u00e1szolja Gy\u00f6ngy\u00f6sorosziban, ahol m\u00e9g kedden d\u00e9lut\u00e1n esett bele a kisfi\u00fa egy patakba. A helysz\u00ednre ment\u0151helikoptert is riasztottak, a kisfi\u00fat t\u00f6bbsz\u00f6ri \u00fajra\u00e9leszt\u00e9s ut\u00e1n vitt\u00e9k k\u00f3rh\u00e1zba, k\u00e9s\u0151bb viszont meghalt. A fi\u00fa nagyb\u00e1tyja azt mondta, hallott\u00e1k, ahogy a gyerekek sik\u00edtanak, majd az egyik rokonuk fejjel lefel\u00e9 tal\u00e1lta meg a kisfi\u00fat a v\u00edzben.<\/p>\n\n\n\n<div style=\"width: 100%; height: 0px; position: relative; padding-bottom: 56%;\"><iframe src=\"https:\/\/tenyek.hu\/embed\/34583_fejjel-lefele-esett-a-vizbe-a-kisfiu?autoplay=0\" frameborder=\"0\" allowfullscreen=\"true\" style=\"width: 100%; height: 100%; position: absolute;\"><\/iframe><\/div>\n","protected":false},"excerpt":{"rendered":"<p>Az eg\u00e9sz falu a h\u00e1rom\u00e9ves Valentin\u00f3t gy\u00e1szolja Gy\u00f6ngy\u00f6sorosziban, ahol m\u00e9g kedden d\u00e9lut\u00e1n esett bele a kisfi\u00fa egy patakba. A helysz\u00ednre ment\u0151helikoptert is riasztottak, a kisfi\u00fat t\u00f6bbsz\u00f6ri \u00fajra\u00e9leszt\u00e9s ut\u00e1n vitt\u00e9k k\u00f3rh\u00e1zba, k\u00e9s\u0151bb viszont meghalt. A fi\u00fa nagyb\u00e1tyja azt mondta, hallott\u00e1k, ahogy a gyerekek sik\u00edtanak, majd az egyik rokonuk fejjel lefel\u00e9 tal\u00e1lta meg a kisfi\u00fat a v\u00edzben.<\/p>\n","protected":false},"author":4,"featured_media":0,"comment_status":"open","ping_status":"closed","sticky":false,"template":"","format":"standard","meta":{"footnotes":""},"categories":[5],"tags":[1991,876,1021,713,1597,3058,4149],"class_list":["post-24378","post","type-post","status-publish","format-standard","hentry","category-kek-hirek","tag-gyongyosoroszi","tag-helikopter","tag-hid","tag-korhaz","tag-patak","tag-rokon","tag-valentino"],"_links":{"self":[{"href":"https:\/\/www.agriatv.hu\/index.php?rest_route=\/wp\/v2\/posts\/24378","targetHints":{"allow":["GET"]}}],"collection":[{"href":"https:\/\/www.agriatv.hu\/index.php?rest_route=\/wp\/v2\/posts"}],"about":[{"href":"https:\/\/www.agriatv.hu\/index.php?rest_route=\/wp\/v2\/types\/post"}],"author":[{"embeddable":true,"href":"https:\/\/www.agriatv.hu\/index.php?rest_route=\/wp\/v2\/users\/4"}],"replies":[{"embeddable":true,"href":"https:\/\/www.agriatv.hu\/index.php?rest_route=%2Fwp%2Fv2%2Fcomments&post=24378"}],"version-history":[{"count":1,"href":"https:\/\/www.agriatv.hu\/index.php?rest_route=\/wp\/v2\/posts\/24378\/revisions"}],"predecessor-version":[{"id":24379,"href":"https:\/\/www.agriatv.hu\/index.php?rest_route=\/wp\/v2\/posts\/24378\/revisions\/24379"}],"wp:attachment":[{"href":"https:\/\/www.agriatv.hu\/index.php?rest_route=%2Fwp%2Fv2%2Fmedia&parent=24378"}],"wp:term":[{"taxonomy":"category","embeddable":true,"href":"https:\/\/www.agriatv.hu\/index.php?rest_route=%2Fwp%2Fv2%2Fcategories&post=24378"},{"taxonomy":"post_tag","embeddable":true,"href":"https:\/\/www.agriatv.hu\/index.php?rest_route=%2Fwp%2Fv2%2Ftags&post=24378"}],"curies":[{"name":"wp","href":"https:\/\/api.w.org\/{rel}","templated":true}]}}