{"id":24380,"date":"2023-05-18T17:21:35","date_gmt":"2023-05-18T17:21:35","guid":{"rendered":"https:\/\/www.agriatv.hu\/?p=24380"},"modified":"2023-05-18T17:21:36","modified_gmt":"2023-05-18T17:21:36","slug":"a-belso-savban-allt-meg-a-sztradan","status":"publish","type":"post","link":"https:\/\/www.agriatv.hu\/?p=24380","title":{"rendered":"A bels\u0151 s\u00e1vban \u00e1llt meg a sztr\u00e1d\u00e1n"},"content":{"rendered":"<div class=\"wp-block-image\">\n<figure class=\"alignleft is-resized\"><img loading=\"lazy\" decoding=\"async\" src=\"https:\/\/cdn.tenyek.hu\/media\/5\/51\/5179fb728467f22537b020c0b37fdae6.jpg\" alt=\"Media player poster frame\" width=\"191\" height=\"107\"\/><\/figure>\n<\/div>\n\n\n<p>V\u00e9szvillog\u00f3val, a bels\u0151 s\u00e1vban \u00e1llt egy aut\u00f3 az M3-as aut\u00f3p\u00e1ly\u00e1n. Az esetet egy m\u00e1sik aut\u00f3 fed\u00e9lzeti kamer\u00e1ja vette fel. Az \u00e9letvesz\u00e9lyes helyen hagyott kocsit alig tudta kiker\u00fclni a t\u00f6bbi sof\u0151r, t\u00f6bben majdnem bele is csap\u00f3dtak. Csak a szerencs\u00e9n \u00e9s a t\u00f6bbi aut\u00f3s l\u00e9lekjelenl\u00e9t\u00e9n m\u00falt, hogy nem t\u00f6rt\u00e9nt trag\u00e9dia, a kocsik itt ugyanis 130-cal mennek.<\/p>\n\n\n\n<div style=\"width: 100%; height: 0px; position: relative; padding-bottom: 56%;\"><iframe src=\"https:\/\/tenyek.hu\/embed\/34629_a-belso-savban-allt-meg-a-sztradan?autoplay=0\" frameborder=\"0\" allowfullscreen=\"true\" style=\"width: 100%; height: 100%; position: absolute;\"><\/iframe><\/div>\n","protected":false},"excerpt":{"rendered":"<p>V\u00e9szvillog\u00f3val, a bels\u0151 s\u00e1vban \u00e1llt egy aut\u00f3 az M3-as aut\u00f3p\u00e1ly\u00e1n. Az esetet egy m\u00e1sik aut\u00f3 fed\u00e9lzeti kamer\u00e1ja vette fel. Az \u00e9letvesz\u00e9lyes helyen hagyott kocsit alig tudta kiker\u00fclni a t\u00f6bbi sof\u0151r, t\u00f6bben majdnem bele is csap\u00f3dtak. Csak a szerencs\u00e9n \u00e9s a t\u00f6bbi aut\u00f3s l\u00e9lekjelenl\u00e9t\u00e9n m\u00falt, hogy nem t\u00f6rt\u00e9nt trag\u00e9dia, a kocsik itt ugyanis 130-cal mennek.<\/p>\n","protected":false},"author":4,"featured_media":0,"comment_status":"open","ping_status":"closed","sticky":false,"template":"","format":"standard","meta":{"footnotes":""},"categories":[1],"tags":[],"class_list":["post-24380","post","type-post","status-publish","format-standard","hentry","category-nincs-kategorizalva"],"_links":{"self":[{"href":"https:\/\/www.agriatv.hu\/index.php?rest_route=\/wp\/v2\/posts\/24380","targetHints":{"allow":["GET"]}}],"collection":[{"href":"https:\/\/www.agriatv.hu\/index.php?rest_route=\/wp\/v2\/posts"}],"about":[{"href":"https:\/\/www.agriatv.hu\/index.php?rest_route=\/wp\/v2\/types\/post"}],"author":[{"embeddable":true,"href":"https:\/\/www.agriatv.hu\/index.php?rest_route=\/wp\/v2\/users\/4"}],"replies":[{"embeddable":true,"href":"https:\/\/www.agriatv.hu\/index.php?rest_route=%2Fwp%2Fv2%2Fcomments&post=24380"}],"version-history":[{"count":2,"href":"https:\/\/www.agriatv.hu\/index.php?rest_route=\/wp\/v2\/posts\/24380\/revisions"}],"predecessor-version":[{"id":24382,"href":"https:\/\/www.agriatv.hu\/index.php?rest_route=\/wp\/v2\/posts\/24380\/revisions\/24382"}],"wp:attachment":[{"href":"https:\/\/www.agriatv.hu\/index.php?rest_route=%2Fwp%2Fv2%2Fmedia&parent=24380"}],"wp:term":[{"taxonomy":"category","embeddable":true,"href":"https:\/\/www.agriatv.hu\/index.php?rest_route=%2Fwp%2Fv2%2Fcategories&post=24380"},{"taxonomy":"post_tag","embeddable":true,"href":"https:\/\/www.agriatv.hu\/index.php?rest_route=%2Fwp%2Fv2%2Ftags&post=24380"}],"curies":[{"name":"wp","href":"https:\/\/api.w.org\/{rel}","templated":true}]}}