{"id":24387,"date":"2023-05-21T17:00:08","date_gmt":"2023-05-21T17:00:08","guid":{"rendered":"https:\/\/www.agriatv.hu\/?p=24387"},"modified":"2023-05-21T17:00:09","modified_gmt":"2023-05-21T17:00:09","slug":"azt-mondta-fegyvere-van-es-nem-viccel","status":"publish","type":"post","link":"https:\/\/www.agriatv.hu\/?p=24387","title":{"rendered":"&#8222;Azt mondta, fegyvere van, \u00e9s nem viccel&#8221;"},"content":{"rendered":"<div class=\"wp-block-image\">\n<figure class=\"alignleft is-resized\"><img loading=\"lazy\" decoding=\"async\" src=\"https:\/\/cdn.tenyek.hu\/media\/5\/55\/55f4457d4cde77edc932ca1b4613e071.jpg\" alt=\"Media player poster frame\" width=\"192\" height=\"107\"\/><\/figure>\n<\/div>\n\n\n<p>Fegyvere van \u00e9s nem viccel, ezt mondta egy rabl\u00f3 egy salg\u00f3tarj\u00e1ni doh\u00e1nyboltban az elad\u00f3nak. A 22 \u00e9ves f\u00e9rfi zsebre dugott k\u00e9zzel k\u00f6vetelt p\u00e9nzt, az elad\u00f3n\u0151 egyed\u00fcl volt \u00e9s nagyon megijedt. Sikoltozni kezdett \u00e9s kimenek\u00fclt az utc\u00e1ra, ahol viszont senki nem j\u00e1rt \u00e9ppen. Ennek ellen\u00e9re a rabl\u00f3 megijedt a kiab\u00e1l\u00e1st\u00f3l \u00e9s zs\u00e1km\u00e1ny n\u00e9lk\u00fcl elmenek\u00fclt. A rend\u0151r\u00f6k f\u00e9l \u00f3r\u00e1n bel\u00fcl elfogt\u00e1k, kider\u00fclt, hogy nem is volt fegyver n\u00e1la.<\/p>\n\n\n\n<div style=\"width: 100%; height: 0px; position: relative; padding-bottom: 56%;\"><iframe src=\"https:\/\/tenyek.hu\/embed\/34715_azt-mondta-fegyvere-van-es-nem-viccel?autoplay=0\" frameborder=\"0\" allowfullscreen=\"true\" style=\"width: 100%; height: 100%; position: absolute;\"><\/iframe><\/div>\n","protected":false},"excerpt":{"rendered":"<p>Fegyvere van \u00e9s nem viccel, ezt mondta egy rabl\u00f3 egy salg\u00f3tarj\u00e1ni doh\u00e1nyboltban az elad\u00f3nak. A 22 \u00e9ves f\u00e9rfi zsebre dugott k\u00e9zzel k\u00f6vetelt p\u00e9nzt, az elad\u00f3n\u0151 egyed\u00fcl volt \u00e9s nagyon megijedt. Sikoltozni kezdett \u00e9s kimenek\u00fclt az utc\u00e1ra, ahol viszont senki nem j\u00e1rt \u00e9ppen. Ennek ellen\u00e9re a rabl\u00f3 megijedt a kiab\u00e1l\u00e1st\u00f3l \u00e9s zs\u00e1km\u00e1ny n\u00e9lk\u00fcl elmenek\u00fclt. A rend\u0151r\u00f6k [&#8230;]<\/p>\n","protected":false},"author":4,"featured_media":0,"comment_status":"open","ping_status":"closed","sticky":false,"template":"","format":"standard","meta":{"footnotes":""},"categories":[5],"tags":[1850,1137,1364,1927,122,2864,1816],"class_list":["post-24387","post","type-post","status-publish","format-standard","hentry","category-kek-hirek","tag-dohanybolt","tag-elfogas","tag-fegyver","tag-rablo","tag-rendorseg","tag-salgotarjan","tag-zsakmany"],"_links":{"self":[{"href":"https:\/\/www.agriatv.hu\/index.php?rest_route=\/wp\/v2\/posts\/24387","targetHints":{"allow":["GET"]}}],"collection":[{"href":"https:\/\/www.agriatv.hu\/index.php?rest_route=\/wp\/v2\/posts"}],"about":[{"href":"https:\/\/www.agriatv.hu\/index.php?rest_route=\/wp\/v2\/types\/post"}],"author":[{"embeddable":true,"href":"https:\/\/www.agriatv.hu\/index.php?rest_route=\/wp\/v2\/users\/4"}],"replies":[{"embeddable":true,"href":"https:\/\/www.agriatv.hu\/index.php?rest_route=%2Fwp%2Fv2%2Fcomments&post=24387"}],"version-history":[{"count":1,"href":"https:\/\/www.agriatv.hu\/index.php?rest_route=\/wp\/v2\/posts\/24387\/revisions"}],"predecessor-version":[{"id":24388,"href":"https:\/\/www.agriatv.hu\/index.php?rest_route=\/wp\/v2\/posts\/24387\/revisions\/24388"}],"wp:attachment":[{"href":"https:\/\/www.agriatv.hu\/index.php?rest_route=%2Fwp%2Fv2%2Fmedia&parent=24387"}],"wp:term":[{"taxonomy":"category","embeddable":true,"href":"https:\/\/www.agriatv.hu\/index.php?rest_route=%2Fwp%2Fv2%2Fcategories&post=24387"},{"taxonomy":"post_tag","embeddable":true,"href":"https:\/\/www.agriatv.hu\/index.php?rest_route=%2Fwp%2Fv2%2Ftags&post=24387"}],"curies":[{"name":"wp","href":"https:\/\/api.w.org\/{rel}","templated":true}]}}