{"id":24391,"date":"2023-05-21T17:27:34","date_gmt":"2023-05-21T17:27:34","guid":{"rendered":"https:\/\/www.agriatv.hu\/?p=24391"},"modified":"2023-05-21T17:27:35","modified_gmt":"2023-05-21T17:27:35","slug":"a-megengedettnel-lenyegesen-tobb-higanyt-cinket-es-nikkelt-taroltak-egy-cegnel-lorinciben-a-hulladekhasznositot-csak-egy-gat-valasztja-el-a-zagyvatol","status":"publish","type":"post","link":"https:\/\/www.agriatv.hu\/?p=24391","title":{"rendered":"A megengedettn\u00e9l l\u00e9nyegesen t\u00f6bb higanyt, cinket \u00e9s nikkelt t\u00e1roltak egy c\u00e9gn\u00e9l L\u0151rinciben \u2013 a hullad\u00e9khasznos\u00edt\u00f3t csak egy g\u00e1t v\u00e1lasztja el a Zagyv\u00e1t\u00f3l"},"content":{"rendered":"<div class=\"wp-block-image\">\n<figure class=\"alignleft size-large is-resized\"><a href=\"https:\/\/www.agriatv.hu\/wp-content\/uploads\/2023\/05\/Kepernyokep-2023-05-21-192518.png\"><img loading=\"lazy\" decoding=\"async\" src=\"https:\/\/www.agriatv.hu\/wp-content\/uploads\/2023\/05\/Kepernyokep-2023-05-21-192518-1024x473.png\" alt=\"\" class=\"wp-image-24392\" width=\"198\" height=\"91\" srcset=\"https:\/\/www.agriatv.hu\/wp-content\/uploads\/2023\/05\/Kepernyokep-2023-05-21-192518-1024x473.png 1024w, https:\/\/www.agriatv.hu\/wp-content\/uploads\/2023\/05\/Kepernyokep-2023-05-21-192518-300x139.png 300w, https:\/\/www.agriatv.hu\/wp-content\/uploads\/2023\/05\/Kepernyokep-2023-05-21-192518-768x355.png 768w, https:\/\/www.agriatv.hu\/wp-content\/uploads\/2023\/05\/Kepernyokep-2023-05-21-192518.png 1294w\" sizes=\"auto, (max-width: 198px) 100vw, 198px\" \/><\/a><\/figure>\n<\/div>\n\n\n<p>A zagyt\u00e1roz\u00f3jukban l\u00e9v\u0151 iszapban pedig 22 anyag szintje jelent\u0151sen meghaladja a talajszennyez\u00e9si hat\u00e1r\u00e9rt\u00e9ket \u2013 \u00e1llap\u00edtotta meg a megyei korm\u00e1nyhivatal. A t\u00e1roz\u00f3 tavaly sziv\u00e1rgott, ez\u00e9rt indult a vizsg\u00e1lat. A helyiek szerint az\u00f3ta sem v\u00e1ltozott semmi.<\/p>\n\n\n\n<div style=\"width: 100%; height: 0px; position: relative; padding-bottom: 56%;\"><iframe src=\"https:\/\/embed.rtl.hu\/embed\/2128155?autoplay=0\" frameborder=\"0\" allowfullscreen=\"true\" style=\"width: 100%; height: 100%; position: absolute;\"><\/iframe><\/div>\n","protected":false},"excerpt":{"rendered":"<p>A zagyt\u00e1roz\u00f3jukban l\u00e9v\u0151 iszapban pedig 22 anyag szintje jelent\u0151sen meghaladja a talajszennyez\u00e9si hat\u00e1r\u00e9rt\u00e9ket \u2013 \u00e1llap\u00edtotta meg a megyei korm\u00e1nyhivatal. A t\u00e1roz\u00f3 tavaly sziv\u00e1rgott, ez\u00e9rt indult a vizsg\u00e1lat. A helyiek szerint az\u00f3ta sem v\u00e1ltozott semmi.<\/p>\n","protected":false},"author":4,"featured_media":0,"comment_status":"open","ping_status":"closed","sticky":false,"template":"","format":"standard","meta":{"footnotes":""},"categories":[19,5],"tags":[2759,24,1560,1728,4153,4151,4152],"class_list":["post-24391","post","type-post","status-publish","format-standard","hentry","category-egeszseg","category-kek-hirek","tag-iszap","tag-kormanyhivatal","tag-lorinci","tag-mereg","tag-talajszennyezes","tag-tarolo","tag-zagytarozo"],"_links":{"self":[{"href":"https:\/\/www.agriatv.hu\/index.php?rest_route=\/wp\/v2\/posts\/24391","targetHints":{"allow":["GET"]}}],"collection":[{"href":"https:\/\/www.agriatv.hu\/index.php?rest_route=\/wp\/v2\/posts"}],"about":[{"href":"https:\/\/www.agriatv.hu\/index.php?rest_route=\/wp\/v2\/types\/post"}],"author":[{"embeddable":true,"href":"https:\/\/www.agriatv.hu\/index.php?rest_route=\/wp\/v2\/users\/4"}],"replies":[{"embeddable":true,"href":"https:\/\/www.agriatv.hu\/index.php?rest_route=%2Fwp%2Fv2%2Fcomments&post=24391"}],"version-history":[{"count":1,"href":"https:\/\/www.agriatv.hu\/index.php?rest_route=\/wp\/v2\/posts\/24391\/revisions"}],"predecessor-version":[{"id":24393,"href":"https:\/\/www.agriatv.hu\/index.php?rest_route=\/wp\/v2\/posts\/24391\/revisions\/24393"}],"wp:attachment":[{"href":"https:\/\/www.agriatv.hu\/index.php?rest_route=%2Fwp%2Fv2%2Fmedia&parent=24391"}],"wp:term":[{"taxonomy":"category","embeddable":true,"href":"https:\/\/www.agriatv.hu\/index.php?rest_route=%2Fwp%2Fv2%2Fcategories&post=24391"},{"taxonomy":"post_tag","embeddable":true,"href":"https:\/\/www.agriatv.hu\/index.php?rest_route=%2Fwp%2Fv2%2Ftags&post=24391"}],"curies":[{"name":"wp","href":"https:\/\/api.w.org\/{rel}","templated":true}]}}