{"id":24395,"date":"2023-05-24T18:55:50","date_gmt":"2023-05-24T18:55:50","guid":{"rendered":"https:\/\/www.agriatv.hu\/?p=24395"},"modified":"2023-05-24T18:55:51","modified_gmt":"2023-05-24T18:55:51","slug":"teherautonak-csapodott-meghalt","status":"publish","type":"post","link":"https:\/\/www.agriatv.hu\/?p=24395","title":{"rendered":"Teheraut\u00f3nak csap\u00f3dott, meghalt"},"content":{"rendered":"<div class=\"wp-block-image\">\n<figure class=\"alignleft is-resized\"><img loading=\"lazy\" decoding=\"async\" src=\"https:\/\/cdn.tenyek.hu\/media\/1\/14\/14d4efe7cb916a8d9a1f74bb49a9f65a.jpg\" alt=\"Media player poster frame\" width=\"251\" height=\"140\"\/><\/figure>\n<\/div>\n\n\n<p>Sz\u00f6rnyethalt egy motoros, miut\u00e1n nagy er\u0151vel egy kamion h\u00e1tulj\u00e1nak csap\u00f3dott Gy\u00f6ngy\u00f6shal\u00e1sz k\u00f6zel\u00e9ben. \u00dagy tudjuk, a kamionos egy mell\u00e9k\u00fatra akart bekanyarodni. Azt m\u00e9g l\u00e1tta, hogy egy furgonos j\u00f6n m\u00f6g\u00f6tte, azt azonban nem vette \u00e9szre, hogy a motoros el\u0151zni kezdte a furgont. A sof\u0151r m\u00e1r nem tudta kiker\u00fclni, nagy lend\u00fclettel neki\u00fctk\u00f6z\u00f6tt. A helysz\u00ednre ment\u0151helikopter is \u00e9rkezett, de nem tudt\u00e1k megmenteni az \u00e9let\u00e9t.<\/p>\n\n\n\n<div style=\"width: 100%; height: 0px; position: relative; padding-bottom: 56%;\"><iframe src=\"https:\/\/tenyek.hu\/embed\/34840_teherautonak-csapodott-meghalt-1?autoplay=0\" frameborder=\"0\" allowfullscreen=\"true\" style=\"width: 100%; height: 100%; position: absolute;\"><\/iframe><\/div>\n\n\n\n<p>&nbsp;3212-es sz\u00e1m\u00fa mell\u00e9k\u00faton, Gy\u00f6ngy\u00f6shal\u00e1sz k\u00f6zel\u00e9ben szerd\u00e1n 12 \u00f3ra 30 perc k\u00f6r\u00fcl egy motorker\u00e9kp\u00e1ros \u00e9s egy teheraut\u00f3 \u00f6ssze\u00fctk\u00f6z\u00f6tt. Az RTL H\u00edrad\u00f3 a baleset ut\u00e1n k\u00e9sz\u00edtette a fenti felv\u00e9telt.<\/p>\n\n\n\n<p>A balesetben a motoros f\u00e9rfi a helysz\u00ednen \u00e9let\u00e9t vesztette,&nbsp;<a target=\"_blank\" rel=\"noreferrer noopener\" href=\"https:\/\/www.police.hu\/hu\/hirek-es-informaciok\/bkkb\/aktualis\/halalos-kozlekedesi-baleset-gyongyoshalasz-kozeleben\">k\u00f6z\u00f6lte<\/a>&nbsp;a rend\u0151rs\u00e9g.&nbsp;<\/p>\n\n\n\n<p>A helysz\u00ednel\u00e9s idej\u00e9re teljes \u00fatlez\u00e1r\u00e1s volt \u00e9rv\u00e9nyben, azonban a police.hu-n nemr\u00e9g\u00a0<a rel=\"noreferrer noopener\" href=\"https:\/\/www.police.hu\/hu\/hirek-es-informaciok\/utinfo\/baleseti-hirek\/veget-ert-a-halalos-baleset-helyszinelese-16\" target=\"_blank\">k\u00f6z\u00f6lt\u00e9k<\/a>: a forgalom m\u00e1r zavartalan az \u00e9rintett \u00fatszakaszon.<\/p>\n\n\n\n<div style=\"width: 100%; height: 0px; position: relative; padding-bottom: 56%;\"><iframe src=\"https:\/\/embed.rtl.hu\/embed\/2130415?autoplay=0\" frameborder=\"0\" allowfullscreen=\"true\" style=\"width: 100%; height: 100%; position: absolute;\"><\/iframe><\/div>\n","protected":false},"excerpt":{"rendered":"<p>Sz\u00f6rnyethalt egy motoros, miut\u00e1n nagy er\u0151vel egy kamion h\u00e1tulj\u00e1nak csap\u00f3dott Gy\u00f6ngy\u00f6shal\u00e1sz k\u00f6zel\u00e9ben. \u00dagy tudjuk, a kamionos egy mell\u00e9k\u00fatra akart bekanyarodni. Azt m\u00e9g l\u00e1tta, hogy egy furgonos j\u00f6n m\u00f6g\u00f6tte, azt azonban nem vette \u00e9szre, hogy a motoros el\u0151zni kezdte a furgont. A sof\u0151r m\u00e1r nem tudta kiker\u00fclni, nagy lend\u00fclettel neki\u00fctk\u00f6z\u00f6tt. A helysz\u00ednre ment\u0151helikopter is \u00e9rkezett, de [&#8230;]<\/p>\n","protected":false},"author":4,"featured_media":0,"comment_status":"open","ping_status":"closed","sticky":false,"template":"","format":"standard","meta":{"footnotes":""},"categories":[5],"tags":[41,1514,876,875,380,39],"class_list":["post-24395","post","type-post","status-publish","format-standard","hentry","category-kek-hirek","tag-baleset","tag-gyongyoshalasz","tag-helikopter","tag-kamion","tag-mento","tag-motoros"],"_links":{"self":[{"href":"https:\/\/www.agriatv.hu\/index.php?rest_route=\/wp\/v2\/posts\/24395","targetHints":{"allow":["GET"]}}],"collection":[{"href":"https:\/\/www.agriatv.hu\/index.php?rest_route=\/wp\/v2\/posts"}],"about":[{"href":"https:\/\/www.agriatv.hu\/index.php?rest_route=\/wp\/v2\/types\/post"}],"author":[{"embeddable":true,"href":"https:\/\/www.agriatv.hu\/index.php?rest_route=\/wp\/v2\/users\/4"}],"replies":[{"embeddable":true,"href":"https:\/\/www.agriatv.hu\/index.php?rest_route=%2Fwp%2Fv2%2Fcomments&post=24395"}],"version-history":[{"count":1,"href":"https:\/\/www.agriatv.hu\/index.php?rest_route=\/wp\/v2\/posts\/24395\/revisions"}],"predecessor-version":[{"id":24396,"href":"https:\/\/www.agriatv.hu\/index.php?rest_route=\/wp\/v2\/posts\/24395\/revisions\/24396"}],"wp:attachment":[{"href":"https:\/\/www.agriatv.hu\/index.php?rest_route=%2Fwp%2Fv2%2Fmedia&parent=24395"}],"wp:term":[{"taxonomy":"category","embeddable":true,"href":"https:\/\/www.agriatv.hu\/index.php?rest_route=%2Fwp%2Fv2%2Fcategories&post=24395"},{"taxonomy":"post_tag","embeddable":true,"href":"https:\/\/www.agriatv.hu\/index.php?rest_route=%2Fwp%2Fv2%2Ftags&post=24395"}],"curies":[{"name":"wp","href":"https:\/\/api.w.org\/{rel}","templated":true}]}}