{"id":24401,"date":"2023-05-28T18:22:04","date_gmt":"2023-05-28T18:22:04","guid":{"rendered":"https:\/\/www.agriatv.hu\/?p=24401"},"modified":"2023-05-28T18:22:05","modified_gmt":"2023-05-28T18:22:05","slug":"tanccal-kiralyvalasztassal-unnepeltek","status":"publish","type":"post","link":"https:\/\/www.agriatv.hu\/?p=24401","title":{"rendered":"T\u00e1nccal, kir\u00e1lyv\u00e1laszt\u00e1ssal \u00fcnnepeltek"},"content":{"rendered":"<div class=\"wp-block-image\">\n<figure class=\"alignleft is-resized\"><img loading=\"lazy\" decoding=\"async\" src=\"https:\/\/cdn.tenyek.hu\/media\/0\/04\/042c78c0ed7ebeae71aa86453f3b153c.jpg\" alt=\"Media player poster frame\" width=\"237\" height=\"132\"\/><\/figure>\n<\/div>\n\n\n<p>N\u00e9pviseletbe \u00f6lt\u00f6ztek, templomot d\u00edsz\u00edtettek \u00e9s p\u00fcnk\u00f6sdi kir\u00e1lyn\u00e9j\u00e1r\u00e1st tartottak a Szentendrei Skanzenben. Egerben \u00e9s Miskolcon a gyerekek hagyom\u00e1ny\u0151rz\u0151 j\u00e1t\u00e9kokat j\u00e1tszottak \u00e9s \u00fcnnepi r\u00f3zsakoszor\u00fat is k\u00e9sz\u00edtettek. A P\u00fcnk\u00f6sd\u00f6t, a kereszt\u00e9ny egyh\u00e1z sz\u00fclet\u00e9snapj\u00e1t, minden \u00e9vben 50 nappal h\u00fasv\u00e9t ut\u00e1n tartj\u00e1k.<\/p>\n\n\n\n<div style=\"width: 100%; height: 0px; position: relative; padding-bottom: 56%;\"><iframe src=\"https:\/\/tenyek.hu\/embed\/34965_tanccal-kiralyvalasztassal-unnepeltek?autoplay=0\" frameborder=\"0\" allowfullscreen=\"true\" style=\"width: 100%; height: 100%; position: absolute;\"><\/iframe><\/div>\n","protected":false},"excerpt":{"rendered":"<p>N\u00e9pviseletbe \u00f6lt\u00f6ztek, templomot d\u00edsz\u00edtettek \u00e9s p\u00fcnk\u00f6sdi kir\u00e1lyn\u00e9j\u00e1r\u00e1st tartottak a Szentendrei Skanzenben. Egerben \u00e9s Miskolcon a gyerekek hagyom\u00e1ny\u0151rz\u0151 j\u00e1t\u00e9kokat j\u00e1tszottak \u00e9s \u00fcnnepi r\u00f3zsakoszor\u00fat is k\u00e9sz\u00edtettek. A P\u00fcnk\u00f6sd\u00f6t, a kereszt\u00e9ny egyh\u00e1z sz\u00fclet\u00e9snapj\u00e1t, minden \u00e9vben 50 nappal h\u00fasv\u00e9t ut\u00e1n tartj\u00e1k.<\/p>\n","protected":false},"author":4,"featured_media":0,"comment_status":"open","ping_status":"closed","sticky":false,"template":"","format":"standard","meta":{"footnotes":""},"categories":[6,8,4],"tags":[36,916,2767,193],"class_list":["post-24401","post","type-post","status-publish","format-standard","hentry","category-belfold","category-kultura","category-szabadido","tag-eger","tag-hagyomany","tag-punkosd","tag-var"],"_links":{"self":[{"href":"https:\/\/www.agriatv.hu\/index.php?rest_route=\/wp\/v2\/posts\/24401","targetHints":{"allow":["GET"]}}],"collection":[{"href":"https:\/\/www.agriatv.hu\/index.php?rest_route=\/wp\/v2\/posts"}],"about":[{"href":"https:\/\/www.agriatv.hu\/index.php?rest_route=\/wp\/v2\/types\/post"}],"author":[{"embeddable":true,"href":"https:\/\/www.agriatv.hu\/index.php?rest_route=\/wp\/v2\/users\/4"}],"replies":[{"embeddable":true,"href":"https:\/\/www.agriatv.hu\/index.php?rest_route=%2Fwp%2Fv2%2Fcomments&post=24401"}],"version-history":[{"count":1,"href":"https:\/\/www.agriatv.hu\/index.php?rest_route=\/wp\/v2\/posts\/24401\/revisions"}],"predecessor-version":[{"id":24402,"href":"https:\/\/www.agriatv.hu\/index.php?rest_route=\/wp\/v2\/posts\/24401\/revisions\/24402"}],"wp:attachment":[{"href":"https:\/\/www.agriatv.hu\/index.php?rest_route=%2Fwp%2Fv2%2Fmedia&parent=24401"}],"wp:term":[{"taxonomy":"category","embeddable":true,"href":"https:\/\/www.agriatv.hu\/index.php?rest_route=%2Fwp%2Fv2%2Fcategories&post=24401"},{"taxonomy":"post_tag","embeddable":true,"href":"https:\/\/www.agriatv.hu\/index.php?rest_route=%2Fwp%2Fv2%2Ftags&post=24401"}],"curies":[{"name":"wp","href":"https:\/\/api.w.org\/{rel}","templated":true}]}}