{"id":24407,"date":"2023-06-05T18:04:57","date_gmt":"2023-06-05T18:04:57","guid":{"rendered":"https:\/\/www.agriatv.hu\/?p=24407"},"modified":"2023-06-05T18:04:58","modified_gmt":"2023-06-05T18:04:58","slug":"hiuz-erkezett-es-a-teve-is-nevet-kapott","status":"publish","type":"post","link":"https:\/\/www.agriatv.hu\/?p=24407","title":{"rendered":"Hi\u00faz \u00e9rkezett \u00e9s a teve is nevet kapott"},"content":{"rendered":"<div class=\"wp-block-image\">\n<figure class=\"alignleft is-resized\"><img loading=\"lazy\" decoding=\"async\" src=\"https:\/\/cdn.tenyek.hu\/media\/8\/85\/8521738804c5eb4517826efc9ea3e93d.jpg\" alt=\"Media player poster frame\" width=\"218\" height=\"122\"\/><\/figure>\n<\/div>\n\n\n<p>Karak\u00e1l \u00e9rkezett a Gy\u00f6ngy\u00f6si \u00c1llatkertbe, amit m\u00e1r sz\u00fclet\u00e9se \u00f3ta a gondoz\u00f3k nevelnek. A k\u00f6lyk\u00f6t Gigi-nek nevezt\u00e9l el, a l\u00e1togat\u00f3k persze nagyon im\u00e1dj\u00e1k. \u00c9s nevet kapott az egy h\u00f3napja sz\u00fcletett k\u00e9tp\u00fap\u00fa gy\u00f6ngy\u00f6si teve is. Szelinnek h\u00edvj\u00e1k \u00e9s mostanra 2,5 liter tejet is megiszik. De t\u00f6bb \u00e1llatkertben is babyboom volt. Ny\u00edregyh\u00e1z\u00e1n gall\u00e9ros p\u00e1vi\u00e1nok \u00e9s amerikai b\u00f6l\u00e9ny, Miskolcon pedig husz\u00e1rmajom sz\u00fcletett.<\/p>\n\n\n\n<div style=\"width: 100%; height: 0px; position: relative; padding-bottom: 56%;\"><iframe src=\"https:\/\/tenyek.hu\/embed\/35239_hiuz-erkezett-es-a-teve-is-nevet-kapott?autoplay=0\" frameborder=\"0\" allowfullscreen=\"true\" style=\"width: 100%; height: 100%; position: absolute;\"><\/iframe><\/div>\n\n\n\n<p>M\u00e1r egyre b\u00e1trabb Gigi, a n\u00e9h\u00e1ny h\u00f3napos sivatagi hi\u00faz, de Szelint, a tevecsik\u00f3t sem kell f\u00e9lteni, aki ma m\u00e1r kilencven kil\u00f3t nyom. Id\u00e9n is babyboom v\u00e1rja az \u00e1llatkertbe l\u00e1togat\u00f3kat, ami a gondoz\u00f3k sz\u00e1m\u00e1ra szinte a legizgalmasabb id\u0151szak.\u00a0<\/p>\n\n\n\n<div style=\"width: 100%; height: 0px; position: relative; padding-bottom: 56%;\"><iframe src=\"https:\/\/embed.rtl.hu\/embed\/2139225?autoplay=0\" frameborder=\"0\" allowfullscreen=\"true\" style=\"width: 100%; height: 100%; position: absolute;\"><\/iframe><\/div>\n","protected":false},"excerpt":{"rendered":"<p>Karak\u00e1l \u00e9rkezett a Gy\u00f6ngy\u00f6si \u00c1llatkertbe, amit m\u00e1r sz\u00fclet\u00e9se \u00f3ta a gondoz\u00f3k nevelnek. A k\u00f6lyk\u00f6t Gigi-nek nevezt\u00e9l el, a l\u00e1togat\u00f3k persze nagyon im\u00e1dj\u00e1k. \u00c9s nevet kapott az egy h\u00f3napja sz\u00fcletett k\u00e9tp\u00fap\u00fa gy\u00f6ngy\u00f6si teve is. Szelinnek h\u00edvj\u00e1k \u00e9s mostanra 2,5 liter tejet is megiszik. De t\u00f6bb \u00e1llatkertben is babyboom volt. Ny\u00edregyh\u00e1z\u00e1n gall\u00e9ros p\u00e1vi\u00e1nok \u00e9s amerikai b\u00f6l\u00e9ny, Miskolcon [&#8230;]<\/p>\n","protected":false},"author":4,"featured_media":0,"comment_status":"open","ping_status":"closed","sticky":false,"template":"","format":"standard","meta":{"footnotes":""},"categories":[6,8,4],"tags":[1225,4158,235,2636,4156,4159,4157],"class_list":["post-24407","post","type-post","status-publish","format-standard","hentry","category-belfold","category-kultura","category-szabadido","tag-allatkert","tag-gigi","tag-gyongyos","tag-hiuz","tag-karakal","tag-selin","tag-teve"],"_links":{"self":[{"href":"https:\/\/www.agriatv.hu\/index.php?rest_route=\/wp\/v2\/posts\/24407","targetHints":{"allow":["GET"]}}],"collection":[{"href":"https:\/\/www.agriatv.hu\/index.php?rest_route=\/wp\/v2\/posts"}],"about":[{"href":"https:\/\/www.agriatv.hu\/index.php?rest_route=\/wp\/v2\/types\/post"}],"author":[{"embeddable":true,"href":"https:\/\/www.agriatv.hu\/index.php?rest_route=\/wp\/v2\/users\/4"}],"replies":[{"embeddable":true,"href":"https:\/\/www.agriatv.hu\/index.php?rest_route=%2Fwp%2Fv2%2Fcomments&post=24407"}],"version-history":[{"count":1,"href":"https:\/\/www.agriatv.hu\/index.php?rest_route=\/wp\/v2\/posts\/24407\/revisions"}],"predecessor-version":[{"id":24408,"href":"https:\/\/www.agriatv.hu\/index.php?rest_route=\/wp\/v2\/posts\/24407\/revisions\/24408"}],"wp:attachment":[{"href":"https:\/\/www.agriatv.hu\/index.php?rest_route=%2Fwp%2Fv2%2Fmedia&parent=24407"}],"wp:term":[{"taxonomy":"category","embeddable":true,"href":"https:\/\/www.agriatv.hu\/index.php?rest_route=%2Fwp%2Fv2%2Fcategories&post=24407"},{"taxonomy":"post_tag","embeddable":true,"href":"https:\/\/www.agriatv.hu\/index.php?rest_route=%2Fwp%2Fv2%2Ftags&post=24407"}],"curies":[{"name":"wp","href":"https:\/\/api.w.org\/{rel}","templated":true}]}}