{"id":24409,"date":"2023-06-05T18:17:45","date_gmt":"2023-06-05T18:17:45","guid":{"rendered":"https:\/\/www.agriatv.hu\/?p=24409"},"modified":"2023-06-05T18:17:46","modified_gmt":"2023-06-05T18:17:46","slug":"mosas-utan-csapodott-patakba-az-autoval","status":"publish","type":"post","link":"https:\/\/www.agriatv.hu\/?p=24409","title":{"rendered":"Mos\u00e1s ut\u00e1n csap\u00f3dott patakba az aut\u00f3val"},"content":{"rendered":"<div class=\"wp-block-image\">\n<figure class=\"alignleft is-resized\"><img loading=\"lazy\" decoding=\"async\" src=\"https:\/\/cdn.tenyek.hu\/media\/b\/b8\/b8dfbca066e568c66a254da95b19da05.jpg\" alt=\"Media player poster frame\" width=\"224\" height=\"125\"\/><\/figure>\n<\/div>\n\n\n<p>T\u00f6bb m\u00e9ter m\u00e9ly \u00e1rok alj\u00e1n, egy patakba zuhanva \u00e1llt meg egy aut\u00f3 \u00d3zdon. A brut\u00e1lis becsap\u00f3d\u00e1s miatt a ment\u00e9sn\u00e9l m\u00e9g a t\u0171zolt\u00f3kra is sz\u00fcks\u00e9g volt. A sof\u0151r a kocsij\u00e1t mosatta le, amikor pedig el akart hajtani, megcs\u00faszhatott egy kanyarban \u00e9s a m\u00e9lybe zuhant. Az aut\u00f3 nem t\u00f6rt \u00f6ssze, de beszorult az \u00e1rokba. V\u00e9g\u00fcl senki sem s\u00e9r\u00fclt meg, a helyiek viszont azt mondj\u00e1k: rendszeresen zuhannak mos\u00e1s ut\u00e1n az aut\u00f3k a patakba.<\/p>\n\n\n\n<div style=\"width: 100%; height: 0px; position: relative; padding-bottom: 56%;\"><iframe src=\"https:\/\/tenyek.hu\/embed\/35226_mosas-utan-csapodott-patakba-az-autoval?autoplay=0\" frameborder=\"0\" allowfullscreen=\"true\" style=\"width: 100%; height: 100%; position: absolute;\"><\/iframe><\/div>\n","protected":false},"excerpt":{"rendered":"<p>T\u00f6bb m\u00e9ter m\u00e9ly \u00e1rok alj\u00e1n, egy patakba zuhanva \u00e1llt meg egy aut\u00f3 \u00d3zdon. A brut\u00e1lis becsap\u00f3d\u00e1s miatt a ment\u00e9sn\u00e9l m\u00e9g a t\u0171zolt\u00f3kra is sz\u00fcks\u00e9g volt. A sof\u0151r a kocsij\u00e1t mosatta le, amikor pedig el akart hajtani, megcs\u00faszhatott egy kanyarban \u00e9s a m\u00e9lybe zuhant. Az aut\u00f3 nem t\u00f6rt \u00f6ssze, de beszorult az \u00e1rokba. V\u00e9g\u00fcl senki sem [&#8230;]<\/p>\n","protected":false},"author":4,"featured_media":0,"comment_status":"open","ping_status":"closed","sticky":false,"template":"","format":"standard","meta":{"footnotes":""},"categories":[5],"tags":[1214,4160,1181,1597,1929],"class_list":["post-24409","post","type-post","status-publish","format-standard","hentry","category-kek-hirek","tag-kocsi","tag-moso","tag-ozd","tag-patak","tag-sofor"],"_links":{"self":[{"href":"https:\/\/www.agriatv.hu\/index.php?rest_route=\/wp\/v2\/posts\/24409","targetHints":{"allow":["GET"]}}],"collection":[{"href":"https:\/\/www.agriatv.hu\/index.php?rest_route=\/wp\/v2\/posts"}],"about":[{"href":"https:\/\/www.agriatv.hu\/index.php?rest_route=\/wp\/v2\/types\/post"}],"author":[{"embeddable":true,"href":"https:\/\/www.agriatv.hu\/index.php?rest_route=\/wp\/v2\/users\/4"}],"replies":[{"embeddable":true,"href":"https:\/\/www.agriatv.hu\/index.php?rest_route=%2Fwp%2Fv2%2Fcomments&post=24409"}],"version-history":[{"count":1,"href":"https:\/\/www.agriatv.hu\/index.php?rest_route=\/wp\/v2\/posts\/24409\/revisions"}],"predecessor-version":[{"id":24410,"href":"https:\/\/www.agriatv.hu\/index.php?rest_route=\/wp\/v2\/posts\/24409\/revisions\/24410"}],"wp:attachment":[{"href":"https:\/\/www.agriatv.hu\/index.php?rest_route=%2Fwp%2Fv2%2Fmedia&parent=24409"}],"wp:term":[{"taxonomy":"category","embeddable":true,"href":"https:\/\/www.agriatv.hu\/index.php?rest_route=%2Fwp%2Fv2%2Fcategories&post=24409"},{"taxonomy":"post_tag","embeddable":true,"href":"https:\/\/www.agriatv.hu\/index.php?rest_route=%2Fwp%2Fv2%2Ftags&post=24409"}],"curies":[{"name":"wp","href":"https:\/\/api.w.org\/{rel}","templated":true}]}}