{"id":24411,"date":"2023-06-07T18:42:15","date_gmt":"2023-06-07T18:42:15","guid":{"rendered":"https:\/\/www.agriatv.hu\/?p=24411"},"modified":"2023-06-07T18:42:17","modified_gmt":"2023-06-07T18:42:17","slug":"villamarvizek-pusztitottak-az-orszagban","status":"publish","type":"post","link":"https:\/\/www.agriatv.hu\/?p=24411","title":{"rendered":"Vill\u00e1m\u00e1rvizek puszt\u00edtottak az orsz\u00e1gban"},"content":{"rendered":"<div class=\"wp-block-image\">\n<figure class=\"alignleft is-resized\"><img loading=\"lazy\" decoding=\"async\" src=\"https:\/\/cdn.tenyek.hu\/media\/6\/67\/67c85e90d94ceb1c29fee0fc7657121b.jpg\" alt=\"Media player poster frame\" width=\"219\" height=\"122\"\/><\/figure>\n<\/div>\n\n\n<h3 class=\"wp-block-heading\"><strong>A hirtelen lez\u00fadul\u00f3 es\u0151 miatt nem k\u00edm\u00e9lte az \u00f6z\u00f6nv\u00edz \u00d3bud\u00e1t, \u00dcr\u00f6m\u00f6t \u00e9s N\u00f3gr\u00e1dsipeket sem. Budapesten a harmadik ker\u00fcletben m\u00e9g torn\u00e1d\u00f3 is tombolt, \u00dcr\u00f6m\u00f6n pedig szinte megb\u00e9nult a k\u00f6zleked\u00e9s. A v\u00edz t\u00f6bb telep\u00fcl\u00e9sen s\u00e1rtengert sz\u00fclt, N\u00f3gr\u00e1dsipeken homokzs\u00e1kokkal v\u00e9dekeztek a helyiek, a katasztr\u00f3fav\u00e9d\u0151k pedig folyamatosan mentettek, ki\u00f6nt\u00f6tt ugyanis a patak.<\/strong><\/h3>\n\n\n\n<div style=\"width: 100%; height: 0px; position: relative; padding-bottom: 56%;\"><iframe src=\"https:\/\/tenyek.hu\/embed\/35301_villamarvizek-pusztitottak-az-orszagban?autoplay=0\" frameborder=\"0\" allowfullscreen=\"true\" style=\"width: 100%; height: 100%; position: absolute;\"><\/iframe><\/div>\n","protected":false},"excerpt":{"rendered":"<p>A hirtelen lez\u00fadul\u00f3 es\u0151 miatt nem k\u00edm\u00e9lte az \u00f6z\u00f6nv\u00edz \u00d3bud\u00e1t, \u00dcr\u00f6m\u00f6t \u00e9s N\u00f3gr\u00e1dsipeket sem. Budapesten a harmadik ker\u00fcletben m\u00e9g torn\u00e1d\u00f3 is tombolt, \u00dcr\u00f6m\u00f6n pedig szinte megb\u00e9nult a k\u00f6zleked\u00e9s. A v\u00edz t\u00f6bb telep\u00fcl\u00e9sen s\u00e1rtengert sz\u00fclt, N\u00f3gr\u00e1dsipeken homokzs\u00e1kokkal v\u00e9dekeztek a helyiek, a katasztr\u00f3fav\u00e9d\u0151k pedig folyamatosan mentettek, ki\u00f6nt\u00f6tt ugyanis a patak.<\/p>\n","protected":false},"author":4,"featured_media":0,"comment_status":"open","ping_status":"closed","sticky":false,"template":"","format":"standard","meta":{"footnotes":""},"categories":[6,5],"tags":[1215,694,1597,3325],"class_list":["post-24411","post","type-post","status-publish","format-standard","hentry","category-belfold","category-kek-hirek","tag-eso","tag-gyongyospata","tag-patak","tag-villamarviz"],"_links":{"self":[{"href":"https:\/\/www.agriatv.hu\/index.php?rest_route=\/wp\/v2\/posts\/24411","targetHints":{"allow":["GET"]}}],"collection":[{"href":"https:\/\/www.agriatv.hu\/index.php?rest_route=\/wp\/v2\/posts"}],"about":[{"href":"https:\/\/www.agriatv.hu\/index.php?rest_route=\/wp\/v2\/types\/post"}],"author":[{"embeddable":true,"href":"https:\/\/www.agriatv.hu\/index.php?rest_route=\/wp\/v2\/users\/4"}],"replies":[{"embeddable":true,"href":"https:\/\/www.agriatv.hu\/index.php?rest_route=%2Fwp%2Fv2%2Fcomments&post=24411"}],"version-history":[{"count":1,"href":"https:\/\/www.agriatv.hu\/index.php?rest_route=\/wp\/v2\/posts\/24411\/revisions"}],"predecessor-version":[{"id":24412,"href":"https:\/\/www.agriatv.hu\/index.php?rest_route=\/wp\/v2\/posts\/24411\/revisions\/24412"}],"wp:attachment":[{"href":"https:\/\/www.agriatv.hu\/index.php?rest_route=%2Fwp%2Fv2%2Fmedia&parent=24411"}],"wp:term":[{"taxonomy":"category","embeddable":true,"href":"https:\/\/www.agriatv.hu\/index.php?rest_route=%2Fwp%2Fv2%2Fcategories&post=24411"},{"taxonomy":"post_tag","embeddable":true,"href":"https:\/\/www.agriatv.hu\/index.php?rest_route=%2Fwp%2Fv2%2Ftags&post=24411"}],"curies":[{"name":"wp","href":"https:\/\/api.w.org\/{rel}","templated":true}]}}