{"id":24476,"date":"2023-07-25T21:39:19","date_gmt":"2023-07-25T21:39:19","guid":{"rendered":"https:\/\/www.agriatv.hu\/?p=24476"},"modified":"2023-07-25T21:39:20","modified_gmt":"2023-07-25T21:39:20","slug":"kiszaladt-a-zebrara-halalra-gazoltak","status":"publish","type":"post","link":"https:\/\/www.agriatv.hu\/?p=24476","title":{"rendered":"Kiszaladt a zebr\u00e1ra, hal\u00e1lra g\u00e1zolt\u00e1k"},"content":{"rendered":"<div class=\"wp-block-image\">\n<figure class=\"alignleft is-resized\"><img loading=\"lazy\" decoding=\"async\" src=\"https:\/\/cdn.tenyek.hu\/media\/c\/c0\/c0dec04bee1a6e808a510ec71473e8f9.jpg\" alt=\"Media player poster frame\" width=\"246\" height=\"138\"\/><\/figure>\n<\/div>\n\n\n<p><a rel=\"noreferrer noopener\" href=\"https:\/\/www.facebook.com\/sharer\/sharer.php?u=https%3A%2F%2Ftenyek.hu%2Fvideo%2Fkiszaladt-a-zebrara-halalra-gazoltak\" target=\"_blank\"><\/a><a rel=\"noreferrer noopener\" href=\"https:\/\/twitter.com\/share?url=https%3A%2F%2Ftenyek.hu%2Fvideo%2Fkiszaladt-a-zebrara-halalra-gazoltak\" target=\"_blank\"><\/a>A zebr\u00e1n g\u00e1zoltak hal\u00e1lra egy 69 \u00e9ves n\u0151t kedd reggel Balassagyarmaton. Egy kamion \u00fct\u00f6tte el, \u00e1thajtott rajta, a n\u0151 teste sz\u00e9tszakadt. \u00dagy tudjuk, a sof\u0151r el\u0151sz\u00f6r meg\u00e1llt a zebr\u00e1n\u00e1l \u00e9s mindenkit \u00e1tengedett, akit l\u00e1tott. M\u00e1r elindult, amikor a n\u0151 az utols\u00f3 pillanatban lel\u00e9pett a j\u00e1rd\u00e1r\u00f3l, m\u00e9g \u0151 is \u00e1t akart szaladni az \u00fat t\u00faloldal\u00e1ra. A helyiek sokkos \u00e1llapotban nyilatkoztak a T\u00e9nyeknek, j\u00f3l ismert\u00e9k az id\u0151s n\u0151t.<\/p>\n\n\n\n<div style=\"width: 100%; height: 0px; position: relative; padding-bottom: 56%;\"><iframe src=\"https:\/\/tenyek.hu\/embed\/36948_kiszaladt-a-zebrara-halalra-gazoltak?autoplay=0\" frameborder=\"0\" allowfullscreen=\"true\" style=\"width: 100%; height: 100%; position: absolute;\"><\/iframe><\/div>\n\n\n\n<p>Kamion \u00fct\u00f6tt el egy 69 \u00e9ves asszonyt Balassagyarmaton. A k\u00f6rny\u00e9kbeliek azt mondt\u00e1k az RTL H\u00edrad\u00f3nak, hogy sokkolta \u0151ket a l\u00e1tv\u00e1ny, a n\u0151 olyan s\u00falyosan megs\u00e9r\u00fclt, a helysz\u00ednen meghalt. A kamion m\u00e9terekkel a zebra ut\u00e1n tudott csak meg\u00e1llni. Az \u00e1ldozatot j\u00f3l ismert\u00e9k, a baleset el\u0151tt \u00e9ppen v\u00e1s\u00e1rolni volt.<\/p>\n\n\n\n<div style=\"width: 100%; height: 0px; position: relative; padding-bottom: 56%;\"><iframe src=\"https:\/\/embed.rtl.hu\/embed\/2172160?autoplay=0\" frameborder=\"0\" allowfullscreen=\"true\" style=\"width: 100%; height: 100%; position: absolute;\"><\/iframe><\/div>\n","protected":false},"excerpt":{"rendered":"<p>A zebr\u00e1n g\u00e1zoltak hal\u00e1lra egy 69 \u00e9ves n\u0151t kedd reggel Balassagyarmaton. Egy kamion \u00fct\u00f6tte el, \u00e1thajtott rajta, a n\u0151 teste sz\u00e9tszakadt. \u00dagy tudjuk, a sof\u0151r el\u0151sz\u00f6r meg\u00e1llt a zebr\u00e1n\u00e1l \u00e9s mindenkit \u00e1tengedett, akit l\u00e1tott. M\u00e1r elindult, amikor a n\u0151 az utols\u00f3 pillanatban lel\u00e9pett a j\u00e1rd\u00e1r\u00f3l, m\u00e9g \u0151 is \u00e1t akart szaladni az \u00fat t\u00faloldal\u00e1ra. A [&#8230;]<\/p>\n","protected":false},"author":4,"featured_media":0,"comment_status":"open","ping_status":"closed","sticky":false,"template":"","format":"standard","meta":{"footnotes":""},"categories":[5],"tags":[743,3080,1586,875,1929,1585],"class_list":["post-24476","post","type-post","status-publish","format-standard","hentry","category-kek-hirek","tag-aldozat","tag-balassagyarmat","tag-gazolas","tag-kamion","tag-sofor","tag-zebra"],"_links":{"self":[{"href":"https:\/\/www.agriatv.hu\/index.php?rest_route=\/wp\/v2\/posts\/24476","targetHints":{"allow":["GET"]}}],"collection":[{"href":"https:\/\/www.agriatv.hu\/index.php?rest_route=\/wp\/v2\/posts"}],"about":[{"href":"https:\/\/www.agriatv.hu\/index.php?rest_route=\/wp\/v2\/types\/post"}],"author":[{"embeddable":true,"href":"https:\/\/www.agriatv.hu\/index.php?rest_route=\/wp\/v2\/users\/4"}],"replies":[{"embeddable":true,"href":"https:\/\/www.agriatv.hu\/index.php?rest_route=%2Fwp%2Fv2%2Fcomments&post=24476"}],"version-history":[{"count":1,"href":"https:\/\/www.agriatv.hu\/index.php?rest_route=\/wp\/v2\/posts\/24476\/revisions"}],"predecessor-version":[{"id":24477,"href":"https:\/\/www.agriatv.hu\/index.php?rest_route=\/wp\/v2\/posts\/24476\/revisions\/24477"}],"wp:attachment":[{"href":"https:\/\/www.agriatv.hu\/index.php?rest_route=%2Fwp%2Fv2%2Fmedia&parent=24476"}],"wp:term":[{"taxonomy":"category","embeddable":true,"href":"https:\/\/www.agriatv.hu\/index.php?rest_route=%2Fwp%2Fv2%2Fcategories&post=24476"},{"taxonomy":"post_tag","embeddable":true,"href":"https:\/\/www.agriatv.hu\/index.php?rest_route=%2Fwp%2Fv2%2Ftags&post=24476"}],"curies":[{"name":"wp","href":"https:\/\/api.w.org\/{rel}","templated":true}]}}