{"id":24571,"date":"2023-10-01T07:20:54","date_gmt":"2023-10-01T07:20:54","guid":{"rendered":"https:\/\/www.agriatv.hu\/?p=24571"},"modified":"2023-10-01T07:20:55","modified_gmt":"2023-10-01T07:20:55","slug":"jatszva-tanultak-a-kutatok-ejszakajan","status":"publish","type":"post","link":"https:\/\/www.agriatv.hu\/?p=24571","title":{"rendered":"J\u00e1tszva tanultak a kutat\u00f3k \u00e9jszak\u00e1j\u00e1n"},"content":{"rendered":"<div class=\"wp-block-image\">\n<figure class=\"alignleft is-resized\"><img loading=\"lazy\" decoding=\"async\" src=\"https:\/\/cdn.tenyek.hu\/media\/6\/6f\/6f88f04eed717677b9486a7da13d16a8.jpg\" alt=\"Media player poster frame\" style=\"width:239px;height:134px\" width=\"239\" height=\"134\"\/><\/figure>\n<\/div>\n\n\n<p>Lufit lobbantottak l\u00e1ngra, robotokkal j\u00e1tszottak a gyerekek \u00e9s volt szabadul\u00f3szoba, ahonnan csak tudom\u00e1nyos rejtv\u00e9nyek megold\u00e1s\u00e1val lehetett kijutni, ilyen programok v\u00e1rt\u00e1k \u0151ket a kutat\u00f3k \u00e9jszak\u00e1j\u00e1n. Orsz\u00e1gszerte t\u00f6bb ezren mentek el az egyetemekre vagy p\u00e9ld\u00e1ul a F\u0151v\u00e1rosi \u00c1llatkertbe. Az esem\u00e9nyt \u00e9vek \u00f3ta mindig szeptember utols\u00f3 p\u00e9ntek\u00e9n tartj\u00e1k, a c\u00e9l, hogy a gyerekek j\u00e1t\u00e9k k\u00f6zben tanulhassanak.<\/p>\n\n\n\n<div style=\"width: 100%; height: 0px; position: relative; padding-bottom: 56%;\"><iframe src=\"https:\/\/tenyek.hu\/embed\/39263_jatszva-tanultak-a-kutatok-ejszakajan?autoplay=0\" frameborder=\"0\" allowfullscreen=\"true\" style=\"width: 100%; height: 100%; position: absolute;\"><\/iframe><\/div>\n","protected":false},"excerpt":{"rendered":"<p>Lufit lobbantottak l\u00e1ngra, robotokkal j\u00e1tszottak a gyerekek \u00e9s volt szabadul\u00f3szoba, ahonnan csak tudom\u00e1nyos rejtv\u00e9nyek megold\u00e1s\u00e1val lehetett kijutni, ilyen programok v\u00e1rt\u00e1k \u0151ket a kutat\u00f3k \u00e9jszak\u00e1j\u00e1n. Orsz\u00e1gszerte t\u00f6bb ezren mentek el az egyetemekre vagy p\u00e9ld\u00e1ul a F\u0151v\u00e1rosi \u00c1llatkertbe. Az esem\u00e9nyt \u00e9vek \u00f3ta mindig szeptember utols\u00f3 p\u00e9ntek\u00e9n tartj\u00e1k, a c\u00e9l, hogy a gyerekek j\u00e1t\u00e9k k\u00f6zben tanulhassanak.<\/p>\n","protected":false},"author":4,"featured_media":0,"comment_status":"open","ping_status":"closed","sticky":false,"template":"","format":"standard","meta":{"footnotes":""},"categories":[6,9,4],"tags":[36,3750,412,4212,4213,389,435],"class_list":["post-24571","post","type-post","status-publish","format-standard","hentry","category-belfold","category-oktatas","category-szabadido","tag-eger","tag-ekke","tag-kiserlet","tag-kutatok","tag-lufi","tag-program","tag-tudomany"],"_links":{"self":[{"href":"https:\/\/www.agriatv.hu\/index.php?rest_route=\/wp\/v2\/posts\/24571","targetHints":{"allow":["GET"]}}],"collection":[{"href":"https:\/\/www.agriatv.hu\/index.php?rest_route=\/wp\/v2\/posts"}],"about":[{"href":"https:\/\/www.agriatv.hu\/index.php?rest_route=\/wp\/v2\/types\/post"}],"author":[{"embeddable":true,"href":"https:\/\/www.agriatv.hu\/index.php?rest_route=\/wp\/v2\/users\/4"}],"replies":[{"embeddable":true,"href":"https:\/\/www.agriatv.hu\/index.php?rest_route=%2Fwp%2Fv2%2Fcomments&post=24571"}],"version-history":[{"count":1,"href":"https:\/\/www.agriatv.hu\/index.php?rest_route=\/wp\/v2\/posts\/24571\/revisions"}],"predecessor-version":[{"id":24572,"href":"https:\/\/www.agriatv.hu\/index.php?rest_route=\/wp\/v2\/posts\/24571\/revisions\/24572"}],"wp:attachment":[{"href":"https:\/\/www.agriatv.hu\/index.php?rest_route=%2Fwp%2Fv2%2Fmedia&parent=24571"}],"wp:term":[{"taxonomy":"category","embeddable":true,"href":"https:\/\/www.agriatv.hu\/index.php?rest_route=%2Fwp%2Fv2%2Fcategories&post=24571"},{"taxonomy":"post_tag","embeddable":true,"href":"https:\/\/www.agriatv.hu\/index.php?rest_route=%2Fwp%2Fv2%2Ftags&post=24571"}],"curies":[{"name":"wp","href":"https:\/\/api.w.org\/{rel}","templated":true}]}}