{"id":24607,"date":"2023-10-17T17:28:56","date_gmt":"2023-10-17T17:28:56","guid":{"rendered":"https:\/\/www.agriatv.hu\/?p=24607"},"modified":"2023-10-17T17:28:57","modified_gmt":"2023-10-17T17:28:57","slug":"minuszok-utan-berobban-az-oszi-nyar","status":"publish","type":"post","link":"https:\/\/www.agriatv.hu\/?p=24607","title":{"rendered":"M\u00ednuszok ut\u00e1n berobban az \u0151szi ny\u00e1r"},"content":{"rendered":"<div class=\"wp-block-image\">\n<figure class=\"alignleft is-resized\"><img decoding=\"async\" src=\"https:\/\/cdn.tenyek.hu\/media\/c\/ca\/ca45b268591dcca6bb787c162ab400ed.jpg\" alt=\"Media player poster frame\" style=\"aspect-ratio:1.7777777777777777;width:221px;height:auto\"\/><\/figure>\n<\/div>\n\n\n<p>-4,6 Celsius fokot m\u00e9rtek kedden Zabaron, N\u00f3gr\u00e1d V\u00e1rmegy\u00e9ben, szok\u00e1s szerint itt volt a leghidegebb az orsz\u00e1gban. Szinte mindenhol m\u00ednuszok voltak csak a nagyobb v\u00e1rosokban. A szakemberek szerint azonban h\u00e9tv\u00e9g\u00e9n \u00fajra j\u00f6n a felmeleged\u00e9s, ak\u00e1r 27 fok is lehet.<\/p>\n\n\n\n<div style=\"width: 100%; height: 0px; position: relative; padding-bottom: 56%;\"><iframe src=\"https:\/\/tenyek.hu\/embed\/39802_minuszok-utan-berobban-az-oszi-nyar?autoplay=0\" frameborder=\"0\" allowfullscreen=\"true\" style=\"width: 100%; height: 100%; position: absolute;\"><\/iframe><\/div>\n","protected":false},"excerpt":{"rendered":"<p>-4,6 Celsius fokot m\u00e9rtek kedden Zabaron, N\u00f3gr\u00e1d V\u00e1rmegy\u00e9ben, szok\u00e1s szerint itt volt a leghidegebb az orsz\u00e1gban. Szinte mindenhol m\u00ednuszok voltak csak a nagyobb v\u00e1rosokban. A szakemberek szerint azonban h\u00e9tv\u00e9g\u00e9n \u00fajra j\u00f6n a felmeleged\u00e9s, ak\u00e1r 27 fok is lehet.<\/p>\n","protected":false},"author":4,"featured_media":0,"comment_status":"open","ping_status":"closed","sticky":false,"template":"","format":"standard","meta":{"footnotes":""},"categories":[6,19,4],"tags":[3431,892,2736,3117,893],"class_list":["post-24607","post","type-post","status-publish","format-standard","hentry","category-belfold","category-egeszseg","category-szabadido","tag-felmelegedes","tag-hideg","tag-nyar","tag-osz","tag-zabar"],"_links":{"self":[{"href":"https:\/\/www.agriatv.hu\/index.php?rest_route=\/wp\/v2\/posts\/24607","targetHints":{"allow":["GET"]}}],"collection":[{"href":"https:\/\/www.agriatv.hu\/index.php?rest_route=\/wp\/v2\/posts"}],"about":[{"href":"https:\/\/www.agriatv.hu\/index.php?rest_route=\/wp\/v2\/types\/post"}],"author":[{"embeddable":true,"href":"https:\/\/www.agriatv.hu\/index.php?rest_route=\/wp\/v2\/users\/4"}],"replies":[{"embeddable":true,"href":"https:\/\/www.agriatv.hu\/index.php?rest_route=%2Fwp%2Fv2%2Fcomments&post=24607"}],"version-history":[{"count":1,"href":"https:\/\/www.agriatv.hu\/index.php?rest_route=\/wp\/v2\/posts\/24607\/revisions"}],"predecessor-version":[{"id":24608,"href":"https:\/\/www.agriatv.hu\/index.php?rest_route=\/wp\/v2\/posts\/24607\/revisions\/24608"}],"wp:attachment":[{"href":"https:\/\/www.agriatv.hu\/index.php?rest_route=%2Fwp%2Fv2%2Fmedia&parent=24607"}],"wp:term":[{"taxonomy":"category","embeddable":true,"href":"https:\/\/www.agriatv.hu\/index.php?rest_route=%2Fwp%2Fv2%2Fcategories&post=24607"},{"taxonomy":"post_tag","embeddable":true,"href":"https:\/\/www.agriatv.hu\/index.php?rest_route=%2Fwp%2Fv2%2Ftags&post=24607"}],"curies":[{"name":"wp","href":"https:\/\/api.w.org\/{rel}","templated":true}]}}