{"id":24682,"date":"2023-11-28T18:27:51","date_gmt":"2023-11-28T18:27:51","guid":{"rendered":"https:\/\/www.agriatv.hu\/?p=24682"},"modified":"2023-11-28T18:27:51","modified_gmt":"2023-11-28T18:27:51","slug":"haromeves-kisfiut-mentettek-a-tuz-elol-egerben","status":"publish","type":"post","link":"https:\/\/www.agriatv.hu\/?p=24682","title":{"rendered":"H\u00e1rom\u00e9ves kisfi\u00fat mentettek a t\u0171z el\u0151l Egerben"},"content":{"rendered":"<div class=\"wp-block-image\">\n<figure class=\"alignleft is-resized\"><img decoding=\"async\" src=\"https:\/\/cdn.tenyek.hu\/media\/5\/5a\/5a84c40cbdab3f9777fdc68fb2926696.jpg\" alt=\"Media player poster frame\" style=\"width:267px;height:auto\"\/><\/figure>\n<\/div>\n\n\n<p>Egy n\u00e9gy \u00e9v k\u00f6r\u00fcli kisgyerek gy\u00fajthatta fel saj\u00e1t h\u00e1zukat Egerben. Legal\u00e1bbis ezt mondja a nagyapja. Csak n\u00e9h\u00e1ny percre maradt egyed\u00fcl, de m\u00e1r nem tudt\u00e1k megakad\u00e1lyozni a bajt. A h\u00e1z lakhatatlan lett. Nyolcan &#8211; k\u00f6zt\u00fck n\u0151k \u00e9s gyerekek &#8211; vesztett\u00e9k el az otthonukat. Azt m\u00e9g nem tudni, hogy a kisfi\u00fa hogyan gy\u00fajtotta fel a h\u00e1zat.<\/p>\n\n\n\n<div style=\"width: 100%; height: 0px; position: relative; padding-bottom: 56%;\"><iframe src=\"https:\/\/tenyek.hu\/embed\/41225_negyeves-kisfiu-gyujthatta-fel-a-hazukat?autoplay=0\" frameborder=\"0\" allowfullscreen=\"true\" style=\"width: 100%; height: 100%; position: absolute;\"><\/iframe><\/div>\n\n\n\n<p>Egy h\u00e1rom\u00e9ves kisgyereket is ki kellett menteni abb\u00f3l a csal\u00e1di h\u00e1zb\u00f3l, ami h\u00e9tf\u0151 d\u00e9lut\u00e1n gyulladt ki Egerben. Huszon\u00f6t n\u00e9gyzetm\u00e9teren \u00e9gett az \u00e9p\u00fclet. T\u00f6bben is bent voltak, amikor felcsaptak a l\u00e1ngok. Mindenkinek siker\u00fclt kimenek\u00fclnie. Egy kisfi\u00fat &#8211; inform\u00e1ci\u00f3nk szerint &#8211; a tulajdonos hozott ki a h\u00e1zb\u00f3l.\u00a0<\/p>\n\n\n\n<div style=\"width: 100%; height: 0px; position: relative; padding-bottom: 56%;\"><iframe src=\"https:\/\/embed.rtl.hu\/embed\/2264010?autoplay=0\" frameborder=\"0\" allowfullscreen=\"true\" style=\"width: 100%; height: 100%; position: absolute;\"><\/iframe><\/div>\n","protected":false},"excerpt":{"rendered":"<p>Egy n\u00e9gy \u00e9v k\u00f6r\u00fcli kisgyerek gy\u00fajthatta fel saj\u00e1t h\u00e1zukat Egerben. Legal\u00e1bbis ezt mondja a nagyapja. Csak n\u00e9h\u00e1ny percre maradt egyed\u00fcl, de m\u00e1r nem tudt\u00e1k megakad\u00e1lyozni a bajt. A h\u00e1z lakhatatlan lett. Nyolcan &#8211; k\u00f6zt\u00fck n\u0151k \u00e9s gyerekek &#8211; vesztett\u00e9k el az otthonukat. Azt m\u00e9g nem tudni, hogy a kisfi\u00fa hogyan gy\u00fajtotta fel a h\u00e1zat.<\/p>\n<p>Egy h\u00e1rom\u00e9ves [&#8230;]<\/p>\n","protected":false},"author":4,"featured_media":0,"comment_status":"open","ping_status":"closed","sticky":false,"template":"","format":"standard","meta":{"footnotes":""},"categories":[5],"tags":[36,1583,1860,320,484,161],"class_list":["post-24682","post","type-post","status-publish","format-standard","hentry","category-kek-hirek","tag-eger","tag-felnemet","tag-fust","tag-gyermek","tag-tuz","tag-tuzolto"],"_links":{"self":[{"href":"https:\/\/www.agriatv.hu\/index.php?rest_route=\/wp\/v2\/posts\/24682","targetHints":{"allow":["GET"]}}],"collection":[{"href":"https:\/\/www.agriatv.hu\/index.php?rest_route=\/wp\/v2\/posts"}],"about":[{"href":"https:\/\/www.agriatv.hu\/index.php?rest_route=\/wp\/v2\/types\/post"}],"author":[{"embeddable":true,"href":"https:\/\/www.agriatv.hu\/index.php?rest_route=\/wp\/v2\/users\/4"}],"replies":[{"embeddable":true,"href":"https:\/\/www.agriatv.hu\/index.php?rest_route=%2Fwp%2Fv2%2Fcomments&post=24682"}],"version-history":[{"count":1,"href":"https:\/\/www.agriatv.hu\/index.php?rest_route=\/wp\/v2\/posts\/24682\/revisions"}],"predecessor-version":[{"id":24683,"href":"https:\/\/www.agriatv.hu\/index.php?rest_route=\/wp\/v2\/posts\/24682\/revisions\/24683"}],"wp:attachment":[{"href":"https:\/\/www.agriatv.hu\/index.php?rest_route=%2Fwp%2Fv2%2Fmedia&parent=24682"}],"wp:term":[{"taxonomy":"category","embeddable":true,"href":"https:\/\/www.agriatv.hu\/index.php?rest_route=%2Fwp%2Fv2%2Fcategories&post=24682"},{"taxonomy":"post_tag","embeddable":true,"href":"https:\/\/www.agriatv.hu\/index.php?rest_route=%2Fwp%2Fv2%2Ftags&post=24682"}],"curies":[{"name":"wp","href":"https:\/\/api.w.org\/{rel}","templated":true}]}}