{"id":24736,"date":"2023-12-26T18:54:52","date_gmt":"2023-12-26T18:54:52","guid":{"rendered":"https:\/\/www.agriatv.hu\/?p=24736"},"modified":"2023-12-26T18:54:53","modified_gmt":"2023-12-26T18:54:53","slug":"tomegre-szamitanak-az-ajandekcserenel","status":"publish","type":"post","link":"https:\/\/www.agriatv.hu\/?p=24736","title":{"rendered":"T\u00f6megre sz\u00e1m\u00edtanak az aj\u00e1nd\u00e9kcser\u00e9n\u00e9l"},"content":{"rendered":"<div class=\"wp-block-image\">\n<figure class=\"alignleft is-resized\"><img decoding=\"async\" src=\"https:\/\/cdn.tenyek.hu\/media\/2\/22\/2205206e04592675a6110d1893cc19f1.jpg\" alt=\"Media player poster frame\" style=\"width:181px;height:auto\"\/><\/figure>\n<\/div>\n\n\n<p>Blokk n\u00e9lk\u00fcl nem cser\u00e9lik ki a visszavitt aj\u00e1nd\u00e9kokat az \u00fczletek. Holnapt\u00f3l ism\u00e9t roham v\u00e1rhat\u00f3 a boltokban, csak \u00e9ppen most vissza akarj\u00e1k majd v\u00e1ltani, ami nem tetszik, nem j\u00f3 a m\u00e9rete vagy hib\u00e1s. A legt\u00f6bb \u00fczlet 30 napot hagy a cser\u00e9re, az online \u00e1ruh\u00e1zak pedig k\u00e9t hetet. Szem\u00e9lyes v\u00e1s\u00e1rl\u00e1skor az \u00fczletek d\u00f6nt\u0151 t\u00f6bbs\u00e9ge nem adja vissza a p\u00e9nzt, csak lev\u00e1s\u00e1rolni lehet. A hib\u00e1s m\u0171szaki cikkeket pedig el\u0151sz\u00f6r megjav\u00edtj\u00e1k.<\/p>\n\n\n\n<div style=\"width: 100%; height: 0px; position: relative; padding-bottom: 56%;\"><iframe src=\"https:\/\/tenyek.hu\/embed\/42160_tomegre-szamitanak-az-ajandekcserenel?autoplay=0\" frameborder=\"0\" allowfullscreen=\"true\" style=\"width: 100%; height: 100%; position: absolute;\"><\/iframe><\/div>\n","protected":false},"excerpt":{"rendered":"<p>Blokk n\u00e9lk\u00fcl nem cser\u00e9lik ki a visszavitt aj\u00e1nd\u00e9kokat az \u00fczletek. Holnapt\u00f3l ism\u00e9t roham v\u00e1rhat\u00f3 a boltokban, csak \u00e9ppen most vissza akarj\u00e1k majd v\u00e1ltani, ami nem tetszik, nem j\u00f3 a m\u00e9rete vagy hib\u00e1s. A legt\u00f6bb \u00fczlet 30 napot hagy a cser\u00e9re, az online \u00e1ruh\u00e1zak pedig k\u00e9t hetet. Szem\u00e9lyes v\u00e1s\u00e1rl\u00e1skor az \u00fczletek d\u00f6nt\u0151 t\u00f6bbs\u00e9ge nem adja vissza [&#8230;]<\/p>\n","protected":false},"author":4,"featured_media":0,"comment_status":"open","ping_status":"closed","sticky":false,"template":"","format":"standard","meta":{"footnotes":""},"categories":[6,450,4],"tags":[1547,4262,1954,658,1359,2697],"class_list":["post-24736","post","type-post","status-publish","format-standard","hentry","category-belfold","category-gazdasag-2","category-szabadido","tag-ajandek","tag-blokk","tag-bolt","tag-karacsony","tag-penz","tag-vasarlas"],"_links":{"self":[{"href":"https:\/\/www.agriatv.hu\/index.php?rest_route=\/wp\/v2\/posts\/24736","targetHints":{"allow":["GET"]}}],"collection":[{"href":"https:\/\/www.agriatv.hu\/index.php?rest_route=\/wp\/v2\/posts"}],"about":[{"href":"https:\/\/www.agriatv.hu\/index.php?rest_route=\/wp\/v2\/types\/post"}],"author":[{"embeddable":true,"href":"https:\/\/www.agriatv.hu\/index.php?rest_route=\/wp\/v2\/users\/4"}],"replies":[{"embeddable":true,"href":"https:\/\/www.agriatv.hu\/index.php?rest_route=%2Fwp%2Fv2%2Fcomments&post=24736"}],"version-history":[{"count":1,"href":"https:\/\/www.agriatv.hu\/index.php?rest_route=\/wp\/v2\/posts\/24736\/revisions"}],"predecessor-version":[{"id":24737,"href":"https:\/\/www.agriatv.hu\/index.php?rest_route=\/wp\/v2\/posts\/24736\/revisions\/24737"}],"wp:attachment":[{"href":"https:\/\/www.agriatv.hu\/index.php?rest_route=%2Fwp%2Fv2%2Fmedia&parent=24736"}],"wp:term":[{"taxonomy":"category","embeddable":true,"href":"https:\/\/www.agriatv.hu\/index.php?rest_route=%2Fwp%2Fv2%2Fcategories&post=24736"},{"taxonomy":"post_tag","embeddable":true,"href":"https:\/\/www.agriatv.hu\/index.php?rest_route=%2Fwp%2Fv2%2Ftags&post=24736"}],"curies":[{"name":"wp","href":"https:\/\/api.w.org\/{rel}","templated":true}]}}