{"id":24764,"date":"2024-01-10T18:28:27","date_gmt":"2024-01-10T18:28:27","guid":{"rendered":"https:\/\/www.agriatv.hu\/?p=24764"},"modified":"2024-01-10T18:28:28","modified_gmt":"2024-01-10T18:28:28","slug":"17-evig-nem-szabadulhat-a-gyilkos","status":"publish","type":"post","link":"https:\/\/www.agriatv.hu\/?p=24764","title":{"rendered":"17 \u00e9vig nem szabadulhat a gyilkos"},"content":{"rendered":"<div class=\"wp-block-image\">\n<figure class=\"alignleft is-resized\"><img decoding=\"async\" src=\"https:\/\/cdn.tenyek.hu\/media\/9\/9d\/9d064e8cc99220fc25039cbd2d2675a5.jpg\" alt=\"Media player poster frame\" style=\"width:210px;height:auto\"\/><\/figure>\n<\/div>\n\n\n<p>J\u00e1r\u00f3bottal \u00e9s vascs\u0151vel verte meg a bar\u00e1tj\u00e1t egy f\u00e9rfi Arl\u00f3n, majd k\u00e9s\u0151bb hal\u00e1lra k\u00e9selte. A h\u00e1zban a gyilkoss\u00e1g idej\u00e9n a tulajdonos aludt, \u00e9jszaka felkelt, ekkor l\u00e1tta v\u00e9rz\u0151 bar\u00e1tj\u00e1t, akit lemosott, majd visszafek\u00fcdt. Reggel szembes\u00fclt csak vele, hogy meghalt. A gyilkoss\u00e1ggal v\u00e1dolt f\u00e9rfi tagad, szerinte a h\u00e1z tulajdonosa verte agyon ismer\u0151s\u00fcket. A b\u00edr\u00f3s\u00e1g azonban nem hitt neki, 17 \u00e9v fegyh\u00e1zra \u00edt\u00e9lte.<\/p>\n\n\n\n<div style=\"width: 100%; height: 0px; position: relative; padding-bottom: 56%;\"><iframe src=\"https:\/\/tenyek.hu\/embed\/42646_17-evig-nem-szabadulhat-a-gyilkos?autoplay=0\" frameborder=\"0\" allowfullscreen=\"true\" style=\"width: 100%; height: 100%; position: absolute;\"><\/iframe><\/div>\n","protected":false},"excerpt":{"rendered":"<p>J\u00e1r\u00f3bottal \u00e9s vascs\u0151vel verte meg a bar\u00e1tj\u00e1t egy f\u00e9rfi Arl\u00f3n, majd k\u00e9s\u0151bb hal\u00e1lra k\u00e9selte. A h\u00e1zban a gyilkoss\u00e1g idej\u00e9n a tulajdonos aludt, \u00e9jszaka felkelt, ekkor l\u00e1tta v\u00e9rz\u0151 bar\u00e1tj\u00e1t, akit lemosott, majd visszafek\u00fcdt. Reggel szembes\u00fclt csak vele, hogy meghalt. A gyilkoss\u00e1ggal v\u00e1dolt f\u00e9rfi tagad, szerinte a h\u00e1z tulajdonosa verte agyon ismer\u0151s\u00fcket. A b\u00edr\u00f3s\u00e1g azonban nem hitt [&#8230;]<\/p>\n","protected":false},"author":4,"featured_media":0,"comment_status":"open","ping_status":"closed","sticky":false,"template":"","format":"standard","meta":{"footnotes":""},"categories":[5],"tags":[2572,3544,71,1079,4270,3613],"class_list":["post-24764","post","type-post","status-publish","format-standard","hentry","category-kek-hirek","tag-arlo","tag-barat","tag-birosag","tag-gyilkossag","tag-jarobot","tag-vascso"],"_links":{"self":[{"href":"https:\/\/www.agriatv.hu\/index.php?rest_route=\/wp\/v2\/posts\/24764","targetHints":{"allow":["GET"]}}],"collection":[{"href":"https:\/\/www.agriatv.hu\/index.php?rest_route=\/wp\/v2\/posts"}],"about":[{"href":"https:\/\/www.agriatv.hu\/index.php?rest_route=\/wp\/v2\/types\/post"}],"author":[{"embeddable":true,"href":"https:\/\/www.agriatv.hu\/index.php?rest_route=\/wp\/v2\/users\/4"}],"replies":[{"embeddable":true,"href":"https:\/\/www.agriatv.hu\/index.php?rest_route=%2Fwp%2Fv2%2Fcomments&post=24764"}],"version-history":[{"count":1,"href":"https:\/\/www.agriatv.hu\/index.php?rest_route=\/wp\/v2\/posts\/24764\/revisions"}],"predecessor-version":[{"id":24765,"href":"https:\/\/www.agriatv.hu\/index.php?rest_route=\/wp\/v2\/posts\/24764\/revisions\/24765"}],"wp:attachment":[{"href":"https:\/\/www.agriatv.hu\/index.php?rest_route=%2Fwp%2Fv2%2Fmedia&parent=24764"}],"wp:term":[{"taxonomy":"category","embeddable":true,"href":"https:\/\/www.agriatv.hu\/index.php?rest_route=%2Fwp%2Fv2%2Fcategories&post=24764"},{"taxonomy":"post_tag","embeddable":true,"href":"https:\/\/www.agriatv.hu\/index.php?rest_route=%2Fwp%2Fv2%2Ftags&post=24764"}],"curies":[{"name":"wp","href":"https:\/\/api.w.org\/{rel}","templated":true}]}}