{"id":24768,"date":"2024-01-13T17:37:49","date_gmt":"2024-01-13T17:37:49","guid":{"rendered":"https:\/\/www.agriatv.hu\/?p=24768"},"modified":"2024-01-13T17:38:08","modified_gmt":"2024-01-13T17:38:08","slug":"het-embert-gazolt-el-a-baleset-utan","status":"publish","type":"post","link":"https:\/\/www.agriatv.hu\/?p=24768","title":{"rendered":"H\u00e9t embert g\u00e1zolt el a baleset ut\u00e1n"},"content":{"rendered":"<div class=\"wp-block-image\">\n<figure class=\"alignleft size-full is-resized\"><a href=\"https:\/\/www.agriatv.hu\/wp-content\/uploads\/2024\/01\/baleset-nograd-megye-megcsuszott-auto-arokba-borul-allo-emberek_image_19f30bef104fcadbe72692ddb442.jpg\"><img loading=\"lazy\" decoding=\"async\" width=\"640\" height=\"360\" src=\"https:\/\/www.agriatv.hu\/wp-content\/uploads\/2024\/01\/baleset-nograd-megye-megcsuszott-auto-arokba-borul-allo-emberek_image_19f30bef104fcadbe72692ddb442.jpg\" alt=\"\" class=\"wp-image-24769\" style=\"width:245px;height:auto\" srcset=\"https:\/\/www.agriatv.hu\/wp-content\/uploads\/2024\/01\/baleset-nograd-megye-megcsuszott-auto-arokba-borul-allo-emberek_image_19f30bef104fcadbe72692ddb442.jpg 640w, https:\/\/www.agriatv.hu\/wp-content\/uploads\/2024\/01\/baleset-nograd-megye-megcsuszott-auto-arokba-borul-allo-emberek_image_19f30bef104fcadbe72692ddb442-300x169.jpg 300w\" sizes=\"auto, (max-width: 640px) 100vw, 640px\" \/><\/a><\/figure>\n<\/div>\n\n\n<p>Heten s\u00e9r\u00fcltek meg Szurdokp\u00fcsp\u00f6kin\u00e9l egy balesetben p\u00e9ntek este. Egy n\u0151t \u00e9letvesz\u00e9lyes \u00e1llapotban vittek k\u00f3rh\u00e1zba. Az els\u0151 aut\u00f3 megcs\u00faszott a jeges \u00faton \u00e9s \u00e1tsodr\u00f3dott a m\u00e1sik oldalra, egy sof\u0151r meg\u00e1llt, hogy seg\u00edtsen, ekkor egy harmadik aut\u00f3 bel\u00e9j\u00fck csap\u00f3dott \u00e9s elg\u00e1zolta az \u00fat sz\u00e9l\u00e9n \u00e1ll\u00f3kat is. S\u00fclys\u00e1pn\u00e1l pedig ment\u0151helikopterrel vittek el k\u00e9t sof\u0151rt, miut\u00e1n front\u00e1lisan \u00fctk\u00f6ztek.<\/p>\n\n\n\n<div style=\"width: 100%; height: 0px; position: relative; padding-bottom: 56%;\"><iframe src=\"https:\/\/tenyek.hu\/embed\/42754_het-embert-gazolt-el-a-baleset-utan?autoplay=0\" frameborder=\"0\" allowfullscreen=\"true\" style=\"width: 100%; height: 100%; position: absolute;\"><\/iframe><\/div>\n\n\n\n<p>\u00dat ment\u00e9n \u00e1ll\u00f3 emberek k\u00f6z\u00e9 csap\u00f3dott egy kocsi p\u00e9nteken kora este a N\u00f3gr\u00e1d megyei Szurdokp\u00fcsp\u00f6kin\u00e9l. Az \u00fctk\u00f6z\u00e9s ereje akkora volt, hogy k\u00e9t s\u00e9r\u00fcltet az \u00fat menti bokros ter\u00fcleten tal\u00e1ltak meg. \u00d6sszesen heten s\u00e9r\u00fcltek meg, egyik\u00fcket \u00e9letvesz\u00e9lyes \u00e1llapotban sz\u00e1ll\u00edtott\u00e1k k\u00f3rh\u00e1zba. Az\u00e9rt \u00e1lltak ennyien az \u00fat mellett, mert egy aut\u00f3 megcs\u00faszott a jeges \u00faton, \u00e9s az \u00e1rokba landolt, egy m\u00e1sik pedig seg\u00edteni j\u00f6tt. Ezut\u00e1n azonban a harmadik kocsi is megcs\u00faszott ugyanott, \u00e9s elsodorta az \u00fat ment\u00e9n \u00e1ll\u00f3kat.<\/p>\n\n\n\n<div style=\"width: 100%; height: 0px; position: relative; padding-bottom: 56%;\"><iframe src=\"https:\/\/embed.rtl.hu\/embed\/2295045?autoplay=0\" frameborder=\"0\" allowfullscreen=\"true\" style=\"width: 100%; height: 100%; position: absolute;\"><\/iframe><\/div>\n","protected":false},"excerpt":{"rendered":"<p>Heten s\u00e9r\u00fcltek meg Szurdokp\u00fcsp\u00f6kin\u00e9l egy balesetben p\u00e9ntek este. Egy n\u0151t \u00e9letvesz\u00e9lyes \u00e1llapotban vittek k\u00f3rh\u00e1zba. Az els\u0151 aut\u00f3 megcs\u00faszott a jeges \u00faton \u00e9s \u00e1tsodr\u00f3dott a m\u00e1sik oldalra, egy sof\u0151r meg\u00e1llt, hogy seg\u00edtsen, ekkor egy harmadik aut\u00f3 bel\u00e9j\u00fck csap\u00f3dott \u00e9s elg\u00e1zolta az \u00fat sz\u00e9l\u00e9n \u00e1ll\u00f3kat is. S\u00fclys\u00e1pn\u00e1l pedig ment\u0151helikopterrel vittek el k\u00e9t sof\u0151rt, miut\u00e1n front\u00e1lisan \u00fctk\u00f6ztek.<\/p>\n<p>\u00dat ment\u00e9n [&#8230;]<\/p>\n","protected":false},"author":4,"featured_media":0,"comment_status":"open","ping_status":"closed","sticky":false,"template":"","format":"standard","meta":{"footnotes":""},"categories":[5],"tags":[41,874,1586,1304,380,122,458,3838,161],"class_list":["post-24768","post","type-post","status-publish","format-standard","hentry","category-kek-hirek","tag-baleset","tag-csuszos","tag-gazolas","tag-jeg","tag-mento","tag-rendorseg","tag-serult","tag-szurdokpuspoki","tag-tuzolto"],"_links":{"self":[{"href":"https:\/\/www.agriatv.hu\/index.php?rest_route=\/wp\/v2\/posts\/24768","targetHints":{"allow":["GET"]}}],"collection":[{"href":"https:\/\/www.agriatv.hu\/index.php?rest_route=\/wp\/v2\/posts"}],"about":[{"href":"https:\/\/www.agriatv.hu\/index.php?rest_route=\/wp\/v2\/types\/post"}],"author":[{"embeddable":true,"href":"https:\/\/www.agriatv.hu\/index.php?rest_route=\/wp\/v2\/users\/4"}],"replies":[{"embeddable":true,"href":"https:\/\/www.agriatv.hu\/index.php?rest_route=%2Fwp%2Fv2%2Fcomments&post=24768"}],"version-history":[{"count":1,"href":"https:\/\/www.agriatv.hu\/index.php?rest_route=\/wp\/v2\/posts\/24768\/revisions"}],"predecessor-version":[{"id":24770,"href":"https:\/\/www.agriatv.hu\/index.php?rest_route=\/wp\/v2\/posts\/24768\/revisions\/24770"}],"wp:attachment":[{"href":"https:\/\/www.agriatv.hu\/index.php?rest_route=%2Fwp%2Fv2%2Fmedia&parent=24768"}],"wp:term":[{"taxonomy":"category","embeddable":true,"href":"https:\/\/www.agriatv.hu\/index.php?rest_route=%2Fwp%2Fv2%2Fcategories&post=24768"},{"taxonomy":"post_tag","embeddable":true,"href":"https:\/\/www.agriatv.hu\/index.php?rest_route=%2Fwp%2Fv2%2Ftags&post=24768"}],"curies":[{"name":"wp","href":"https:\/\/api.w.org\/{rel}","templated":true}]}}