{"id":24797,"date":"2024-01-25T18:40:52","date_gmt":"2024-01-25T18:40:52","guid":{"rendered":"https:\/\/www.agriatv.hu\/?p=24797"},"modified":"2024-01-25T18:40:53","modified_gmt":"2024-01-25T18:40:53","slug":"rendorok-uldoztek-kiegett-az-autoja","status":"publish","type":"post","link":"https:\/\/www.agriatv.hu\/?p=24797","title":{"rendered":"Rend\u0151r\u00f6k \u00fcld\u00f6zt\u00e9k, ki\u00e9gett az aut\u00f3ja"},"content":{"rendered":"<div class=\"wp-block-image\">\n<figure class=\"alignleft is-resized\"><img decoding=\"async\" src=\"https:\/\/cdn.tenyek.hu\/media\/a\/ac\/acdc529bf6c7bd35b7f5a9221af65dd8.jpg\" alt=\"Media player poster frame\" style=\"width:232px;height:auto\"\/><\/figure>\n<\/div>\n\n\n<p>Kigyulladt, majd hatalmas l\u00e1ngokkal \u00e9gett egy aut\u00f3 Jobb\u00e1gyiban, N\u00f3gr\u00e1d v\u00e1rmegy\u00e9ben. A sof\u0151r az utols\u00f3 pillanatban ugrott ki az aut\u00f3b\u00f3l, miel\u0151tt az teljesen ki\u00e9gett volna. A sof\u0151rt igazoltatni akart\u00e1k a rend\u0151r\u00f6k, de nem \u00e1llt meg. T\u00f6bb kilom\u00e9teren \u00e1t \u00fcld\u00f6zt\u00e9k, \u00f3ri\u00e1si sebess\u00e9ggel sz\u00e1guldott, volt, ahol m\u00e9g a forgalommal is szembement. Az\u00f3ta is keresi a rend\u0151rs\u00e9g az \u00e1mokfut\u00f3t.<\/p>\n\n\n\n<div style=\"width: 100%; height: 0px; position: relative; padding-bottom: 56%;\"><iframe src=\"https:\/\/tenyek.hu\/embed\/43158_rendorok-uldoztek-kiegett-az-autoja?autoplay=0\" frameborder=\"0\" allowfullscreen=\"true\" style=\"width: 100%; height: 100%; position: absolute;\"><\/iframe><\/div>\n","protected":false},"excerpt":{"rendered":"<p>Kigyulladt, majd hatalmas l\u00e1ngokkal \u00e9gett egy aut\u00f3 Jobb\u00e1gyiban, N\u00f3gr\u00e1d v\u00e1rmegy\u00e9ben. A sof\u0151r az utols\u00f3 pillanatban ugrott ki az aut\u00f3b\u00f3l, miel\u0151tt az teljesen ki\u00e9gett volna. A sof\u0151rt igazoltatni akart\u00e1k a rend\u0151r\u00f6k, de nem \u00e1llt meg. T\u00f6bb kilom\u00e9teren \u00e1t \u00fcld\u00f6zt\u00e9k, \u00f3ri\u00e1si sebess\u00e9ggel sz\u00e1guldott, volt, ahol m\u00e9g a forgalommal is szembement. Az\u00f3ta is keresi a rend\u0151rs\u00e9g az \u00e1mokfut\u00f3t.<\/p>\n","protected":false},"author":4,"featured_media":0,"comment_status":"open","ping_status":"closed","sticky":false,"template":"","format":"standard","meta":{"footnotes":""},"categories":[5],"tags":[3106,1875,122,1929,484,2394],"class_list":["post-24797","post","type-post","status-publish","format-standard","hentry","category-kek-hirek","tag-jobbagyi","tag-menekules","tag-rendorseg","tag-sofor","tag-tuz","tag-uldozes"],"_links":{"self":[{"href":"https:\/\/www.agriatv.hu\/index.php?rest_route=\/wp\/v2\/posts\/24797","targetHints":{"allow":["GET"]}}],"collection":[{"href":"https:\/\/www.agriatv.hu\/index.php?rest_route=\/wp\/v2\/posts"}],"about":[{"href":"https:\/\/www.agriatv.hu\/index.php?rest_route=\/wp\/v2\/types\/post"}],"author":[{"embeddable":true,"href":"https:\/\/www.agriatv.hu\/index.php?rest_route=\/wp\/v2\/users\/4"}],"replies":[{"embeddable":true,"href":"https:\/\/www.agriatv.hu\/index.php?rest_route=%2Fwp%2Fv2%2Fcomments&post=24797"}],"version-history":[{"count":1,"href":"https:\/\/www.agriatv.hu\/index.php?rest_route=\/wp\/v2\/posts\/24797\/revisions"}],"predecessor-version":[{"id":24798,"href":"https:\/\/www.agriatv.hu\/index.php?rest_route=\/wp\/v2\/posts\/24797\/revisions\/24798"}],"wp:attachment":[{"href":"https:\/\/www.agriatv.hu\/index.php?rest_route=%2Fwp%2Fv2%2Fmedia&parent=24797"}],"wp:term":[{"taxonomy":"category","embeddable":true,"href":"https:\/\/www.agriatv.hu\/index.php?rest_route=%2Fwp%2Fv2%2Fcategories&post=24797"},{"taxonomy":"post_tag","embeddable":true,"href":"https:\/\/www.agriatv.hu\/index.php?rest_route=%2Fwp%2Fv2%2Ftags&post=24797"}],"curies":[{"name":"wp","href":"https:\/\/api.w.org\/{rel}","templated":true}]}}