{"id":24802,"date":"2024-01-30T17:24:20","date_gmt":"2024-01-30T17:24:20","guid":{"rendered":"https:\/\/www.agriatv.hu\/?p=24802"},"modified":"2024-01-30T17:24:26","modified_gmt":"2024-01-30T17:24:26","slug":"megoltek-a-gyereket-az-anyja-is-meghalt","status":"publish","type":"post","link":"https:\/\/www.agriatv.hu\/?p=24802","title":{"rendered":"Meg\u00f6lt\u00e9k a gyereket, az anyja is meghalt"},"content":{"rendered":"<div class=\"wp-block-image\">\n<figure class=\"alignleft is-resized\"><img decoding=\"async\" src=\"https:\/\/cdn.tenyek.hu\/media\/f\/f3\/f35318b3bb1a3f08838b951dfea6e593.jpg\" alt=\"Media player poster frame\" style=\"width:213px;height:auto\"\/><\/figure>\n<\/div>\n\n\n<p>Sokkol\u00f3 csal\u00e1di trag\u00e9dia t\u00f6rt\u00e9nt J\u00e1szszentandr\u00e1son, holtan tal\u00e1ltak egy h\u00e1rom\u00e9ves kisl\u00e1nyt \u00e9s \u00e9desanyj\u00e1t is h\u00e9tf\u0151n este. A rend\u0151r\u00f6k szerint a gyereket meggyilkolt\u00e1k, \u00e9desanyja pedig \u00f6ngyilkos lett, felv\u00e1gta az ereit, most ember\u00f6l\u00e9s miatt nyomoznak. A szomsz\u00e9dok szerint az anya v\u00e9gezhetett a kisl\u00e1nnyal.<\/p>\n\n\n\n<div style=\"width: 100%; height: 0px; position: relative; padding-bottom: 56%;\"><iframe src=\"https:\/\/tenyek.hu\/embed\/43324_megoltek-a-gyereket-az-anyja-is-meghalt?autoplay=0\" frameborder=\"0\" allowfullscreen=\"true\" style=\"width: 100%; height: 100%; position: absolute;\"><\/iframe><\/div>\n","protected":false},"excerpt":{"rendered":"<p>Sokkol\u00f3 csal\u00e1di trag\u00e9dia t\u00f6rt\u00e9nt J\u00e1szszentandr\u00e1son, holtan tal\u00e1ltak egy h\u00e1rom\u00e9ves kisl\u00e1nyt \u00e9s \u00e9desanyj\u00e1t is h\u00e9tf\u0151n este. A rend\u0151r\u00f6k szerint a gyereket meggyilkolt\u00e1k, \u00e9desanyja pedig \u00f6ngyilkos lett, felv\u00e1gta az ereit, most ember\u00f6l\u00e9s miatt nyomoznak. A szomsz\u00e9dok szerint az anya v\u00e9gezhetett a kisl\u00e1nnyal.<\/p>\n","protected":false},"author":4,"featured_media":0,"comment_status":"open","ping_status":"closed","sticky":false,"template":"","format":"standard","meta":{"footnotes":""},"categories":[5],"tags":[2232,487,2082,320,771,1537,1329,122],"class_list":["post-24802","post","type-post","status-publish","format-standard","hentry","category-kek-hirek","tag-anya","tag-csalad","tag-emberoles","tag-gyermek","tag-halal","tag-jaszszentandras","tag-kes","tag-rendorseg"],"_links":{"self":[{"href":"https:\/\/www.agriatv.hu\/index.php?rest_route=\/wp\/v2\/posts\/24802","targetHints":{"allow":["GET"]}}],"collection":[{"href":"https:\/\/www.agriatv.hu\/index.php?rest_route=\/wp\/v2\/posts"}],"about":[{"href":"https:\/\/www.agriatv.hu\/index.php?rest_route=\/wp\/v2\/types\/post"}],"author":[{"embeddable":true,"href":"https:\/\/www.agriatv.hu\/index.php?rest_route=\/wp\/v2\/users\/4"}],"replies":[{"embeddable":true,"href":"https:\/\/www.agriatv.hu\/index.php?rest_route=%2Fwp%2Fv2%2Fcomments&post=24802"}],"version-history":[{"count":1,"href":"https:\/\/www.agriatv.hu\/index.php?rest_route=\/wp\/v2\/posts\/24802\/revisions"}],"predecessor-version":[{"id":24804,"href":"https:\/\/www.agriatv.hu\/index.php?rest_route=\/wp\/v2\/posts\/24802\/revisions\/24804"}],"wp:attachment":[{"href":"https:\/\/www.agriatv.hu\/index.php?rest_route=%2Fwp%2Fv2%2Fmedia&parent=24802"}],"wp:term":[{"taxonomy":"category","embeddable":true,"href":"https:\/\/www.agriatv.hu\/index.php?rest_route=%2Fwp%2Fv2%2Fcategories&post=24802"},{"taxonomy":"post_tag","embeddable":true,"href":"https:\/\/www.agriatv.hu\/index.php?rest_route=%2Fwp%2Fv2%2Ftags&post=24802"}],"curies":[{"name":"wp","href":"https:\/\/api.w.org\/{rel}","templated":true}]}}