{"id":24816,"date":"2024-02-05T18:58:27","date_gmt":"2024-02-05T18:58:27","guid":{"rendered":"https:\/\/www.agriatv.hu\/?p=24816"},"modified":"2024-02-05T18:58:39","modified_gmt":"2024-02-05T18:58:39","slug":"szerintuk-nem-miattuk-halt-meg-a-kislany","status":"publish","type":"post","link":"https:\/\/www.agriatv.hu\/?p=24816","title":{"rendered":"Szerint\u00fck nem miattuk halt meg a kisl\u00e1ny"},"content":{"rendered":"<div class=\"wp-block-image\">\n<figure class=\"alignleft is-resized\"><img decoding=\"async\" src=\"https:\/\/cdn.tenyek.hu\/media\/1\/1d\/1d9cbd8870f410931ad0177d2c560507.jpg\" alt=\"Media player poster frame\" style=\"width:234px;height:auto\"\/><\/figure>\n<\/div>\n\n\n<p>Belehalt a fejs\u00e9r\u00fcl\u00e9s\u00e9be egy hat\u00e9ves kisl\u00e1ny, miut\u00e1n r\u00e1d\u0151lt egy \u00f3vodai m\u00e1sz\u00f3ka Cs\u00e1nyban. Gondatlan vesz\u00e9lyetet\u00e9ssel v\u00e1dolj\u00e1k az \u00f3vodavezet\u0151t \u00e9s a volt polg\u00e1rmestert, akik azonban azt mondt\u00e1k a h\u00e9tf\u0151i el\u0151k\u00e9sz\u00edt\u0151 \u00fcl\u00e9sen, hogy nem \u00e9rzik felel\u0151snek magukat a trag\u00e9dia miatt. Az \u00fcgy\u00e9szs\u00e9g szerint viszont m\u00e1r \u00e9vekkel a baleset el\u0151tt tudtak r\u00f3la, hogy a m\u00e1sz\u00f3ka balesetvesz\u00e9lyes, m\u00e9gis hagyt\u00e1k j\u00e1tszani rajta a gyerekeket.<\/p>\n\n\n\n<div style=\"width: 100%; height: 0px; position: relative; padding-bottom: 56%;\"><iframe src=\"https:\/\/tenyek.hu\/embed\/43524_szerintuk-nem-miattuk-halt-meg-a-kislany?autoplay=0\" frameborder=\"0\" allowfullscreen=\"true\" style=\"width: 100%; height: 100%; position: absolute;\"><\/iframe><\/div>\n\n\n\n<p>Addig nem tudja feldolgozni a csal\u00e1d a trag\u00e9di\u00e1t, am\u00edg a felel\u0151s\u00f6k nem kapnak b\u00fcntet\u00e9st: ezt mondta a b\u00edr\u00f3s\u00e1gon az apa, akinek a l\u00e1nya meghalt n\u00e9gy \u00e9ve, amikor az \u00f3vod\u00e1ban r\u00e1zuhant egy m\u00e1sz\u00f3ka a Heves megyei Cs\u00e1nyban. Az \u00fcgy\u00e9szs\u00e9g szerint a telep\u00fcl\u00e9s polg\u00e1rmestere \u00e9s az \u00f3voda kor\u00e1bbi vezet\u0151je hib\u00e1zott. \u0150k h\u00e9tf\u0151n a b\u00edr\u00f3s\u00e1gon azt mondt\u00e1k: nem \u00e9rzik magukat b\u0171n\u00f6snek.<\/p>\n\n\n\n<div style=\"width: 100%; height: 0px; position: relative; padding-bottom: 56%;\"><iframe src=\"https:\/\/embed.rtl.hu\/embed\/2311009?autoplay=0\" frameborder=\"0\" allowfullscreen=\"true\" style=\"width: 100%; height: 100%; position: absolute;\"><\/iframe><\/div>\n","protected":false},"excerpt":{"rendered":"<p>Belehalt a fejs\u00e9r\u00fcl\u00e9s\u00e9be egy hat\u00e9ves kisl\u00e1ny, miut\u00e1n r\u00e1d\u0151lt egy \u00f3vodai m\u00e1sz\u00f3ka Cs\u00e1nyban. Gondatlan vesz\u00e9lyetet\u00e9ssel v\u00e1dolj\u00e1k az \u00f3vodavezet\u0151t \u00e9s a volt polg\u00e1rmestert, akik azonban azt mondt\u00e1k a h\u00e9tf\u0151i el\u0151k\u00e9sz\u00edt\u0151 \u00fcl\u00e9sen, hogy nem \u00e9rzik felel\u0151snek magukat a trag\u00e9dia miatt. Az \u00fcgy\u00e9szs\u00e9g szerint viszont m\u00e1r \u00e9vekkel a baleset el\u0151tt tudtak r\u00f3la, hogy a m\u00e1sz\u00f3ka balesetvesz\u00e9lyes, m\u00e9gis hagyt\u00e1k j\u00e1tszani [&#8230;]<\/p>\n","protected":false},"author":4,"featured_media":0,"comment_status":"open","ping_status":"closed","sticky":false,"template":"","format":"standard","meta":{"footnotes":""},"categories":[5],"tags":[71,1902,1258,771,3365,132,1030,447],"class_list":["post-24816","post","type-post","status-publish","format-standard","hentry","category-kek-hirek","tag-birosag","tag-csany","tag-gyerek","tag-halal","tag-maszoka","tag-ovoda","tag-per","tag-ugyeszseg"],"_links":{"self":[{"href":"https:\/\/www.agriatv.hu\/index.php?rest_route=\/wp\/v2\/posts\/24816","targetHints":{"allow":["GET"]}}],"collection":[{"href":"https:\/\/www.agriatv.hu\/index.php?rest_route=\/wp\/v2\/posts"}],"about":[{"href":"https:\/\/www.agriatv.hu\/index.php?rest_route=\/wp\/v2\/types\/post"}],"author":[{"embeddable":true,"href":"https:\/\/www.agriatv.hu\/index.php?rest_route=\/wp\/v2\/users\/4"}],"replies":[{"embeddable":true,"href":"https:\/\/www.agriatv.hu\/index.php?rest_route=%2Fwp%2Fv2%2Fcomments&post=24816"}],"version-history":[{"count":1,"href":"https:\/\/www.agriatv.hu\/index.php?rest_route=\/wp\/v2\/posts\/24816\/revisions"}],"predecessor-version":[{"id":24817,"href":"https:\/\/www.agriatv.hu\/index.php?rest_route=\/wp\/v2\/posts\/24816\/revisions\/24817"}],"wp:attachment":[{"href":"https:\/\/www.agriatv.hu\/index.php?rest_route=%2Fwp%2Fv2%2Fmedia&parent=24816"}],"wp:term":[{"taxonomy":"category","embeddable":true,"href":"https:\/\/www.agriatv.hu\/index.php?rest_route=%2Fwp%2Fv2%2Fcategories&post=24816"},{"taxonomy":"post_tag","embeddable":true,"href":"https:\/\/www.agriatv.hu\/index.php?rest_route=%2Fwp%2Fv2%2Ftags&post=24816"}],"curies":[{"name":"wp","href":"https:\/\/api.w.org\/{rel}","templated":true}]}}