{"id":24830,"date":"2024-02-15T19:16:43","date_gmt":"2024-02-15T19:16:43","guid":{"rendered":"https:\/\/www.agriatv.hu\/?p=24830"},"modified":"2024-02-15T19:16:45","modified_gmt":"2024-02-15T19:16:45","slug":"ratolatott-es-meghalt-videon-a-gazolas","status":"publish","type":"post","link":"https:\/\/www.agriatv.hu\/?p=24830","title":{"rendered":"R\u00e1tolatott \u00e9s meghalt, vide\u00f3n a g\u00e1zol\u00e1s"},"content":{"rendered":"<div class=\"wp-block-image\">\n<figure class=\"alignleft is-resized\"><img decoding=\"async\" src=\"https:\/\/cdn.tenyek.hu\/media\/c\/cd\/cd624a1189270ced924af8ba2de93bfe.jpg\" alt=\"Media player poster frame\" style=\"width:211px;height:auto\"\/><\/figure>\n<\/div>\n\n\n<p>Vide\u00f3n a brut\u00e1lis g\u00e1zol\u00e1s! Tolat\u00e1s k\u00f6zben \u00fct\u00f6tt el egy f\u00e9rfit egy sof\u0151r Hatvanban. Az aut\u00f3s azt mondja, \u00e9szre sem vette, hogy elg\u00e1zolta a f\u00e9rfit, csak m\u00e1snap mondt\u00e1k el a rend\u0151r\u00f6k, hogy mit tett. Az elk\u00e9peszt\u0151 felv\u00e9telt a cs\u00fct\u00f6rt\u00f6ki t\u00e1rgyal\u00e1son mutatt\u00e1k be, s\u0151t szak\u00e9rt\u0151i v\u00e9lem\u00e9nyt is meghallgattak az \u00fcgyben. Szeksz\u00e1rdon pedig egy 78 \u00e9ves n\u0151t g\u00e1zoltak el kor\u00e1bban szint\u00e9n tolat\u00e1s k\u00f6zben. A f\u00e9rfi \u00e1ll\u00edtja, hogy nem hib\u00e1zott, v\u00e1ratlanul l\u00e9pett a kocsi m\u00f6g\u00e9 a n\u0151.<\/p>\n\n\n\n<div style=\"width: 100%; height: 0px; position: relative; padding-bottom: 56%;\"><iframe src=\"https:\/\/tenyek.hu\/embed\/43872_ratolatott-es-meghalt-videon-a-gazolas?autoplay=0\" frameborder=\"0\" allowfullscreen=\"true\" style=\"width: 100%; height: 100%; position: absolute;\"><\/iframe><\/div>\n","protected":false},"excerpt":{"rendered":"<p>Vide\u00f3n a brut\u00e1lis g\u00e1zol\u00e1s! Tolat\u00e1s k\u00f6zben \u00fct\u00f6tt el egy f\u00e9rfit egy sof\u0151r Hatvanban. Az aut\u00f3s azt mondja, \u00e9szre sem vette, hogy elg\u00e1zolta a f\u00e9rfit, csak m\u00e1snap mondt\u00e1k el a rend\u0151r\u00f6k, hogy mit tett. Az elk\u00e9peszt\u0151 felv\u00e9telt a cs\u00fct\u00f6rt\u00f6ki t\u00e1rgyal\u00e1son mutatt\u00e1k be, s\u0151t szak\u00e9rt\u0151i v\u00e9lem\u00e9nyt is meghallgattak az \u00fcgyben. Szeksz\u00e1rdon pedig egy 78 \u00e9ves n\u0151t g\u00e1zoltak [&#8230;]<\/p>\n","protected":false},"author":4,"featured_media":0,"comment_status":"open","ping_status":"closed","sticky":false,"template":"","format":"standard","meta":{"footnotes":""},"categories":[5],"tags":[71,1586,4023,122,1628,2127],"class_list":["post-24830","post","type-post","status-publish","format-standard","hentry","category-kek-hirek","tag-birosag","tag-gazolas","tag-holtter","tag-rendorseg","tag-targyalas","tag-video"],"_links":{"self":[{"href":"https:\/\/www.agriatv.hu\/index.php?rest_route=\/wp\/v2\/posts\/24830","targetHints":{"allow":["GET"]}}],"collection":[{"href":"https:\/\/www.agriatv.hu\/index.php?rest_route=\/wp\/v2\/posts"}],"about":[{"href":"https:\/\/www.agriatv.hu\/index.php?rest_route=\/wp\/v2\/types\/post"}],"author":[{"embeddable":true,"href":"https:\/\/www.agriatv.hu\/index.php?rest_route=\/wp\/v2\/users\/4"}],"replies":[{"embeddable":true,"href":"https:\/\/www.agriatv.hu\/index.php?rest_route=%2Fwp%2Fv2%2Fcomments&post=24830"}],"version-history":[{"count":1,"href":"https:\/\/www.agriatv.hu\/index.php?rest_route=\/wp\/v2\/posts\/24830\/revisions"}],"predecessor-version":[{"id":24831,"href":"https:\/\/www.agriatv.hu\/index.php?rest_route=\/wp\/v2\/posts\/24830\/revisions\/24831"}],"wp:attachment":[{"href":"https:\/\/www.agriatv.hu\/index.php?rest_route=%2Fwp%2Fv2%2Fmedia&parent=24830"}],"wp:term":[{"taxonomy":"category","embeddable":true,"href":"https:\/\/www.agriatv.hu\/index.php?rest_route=%2Fwp%2Fv2%2Fcategories&post=24830"},{"taxonomy":"post_tag","embeddable":true,"href":"https:\/\/www.agriatv.hu\/index.php?rest_route=%2Fwp%2Fv2%2Ftags&post=24830"}],"curies":[{"name":"wp","href":"https:\/\/api.w.org\/{rel}","templated":true}]}}