{"id":24841,"date":"2024-02-20T17:55:37","date_gmt":"2024-02-20T17:55:37","guid":{"rendered":"https:\/\/www.agriatv.hu\/?p=24841"},"modified":"2024-02-20T17:55:38","modified_gmt":"2024-02-20T17:55:38","slug":"kivegezte-anyjat-keveslik-a-buntetest","status":"publish","type":"post","link":"https:\/\/www.agriatv.hu\/?p=24841","title":{"rendered":"Kiv\u00e9gezte anyj\u00e1t, keveslik a b\u00fcntet\u00e9st"},"content":{"rendered":"<div class=\"wp-block-image\">\n<figure class=\"alignleft is-resized\"><img decoding=\"async\" src=\"https:\/\/cdn.tenyek.hu\/media\/6\/6e\/6e45f463d6f51c80f2fe674140045650.jpg\" alt=\"Media player poster frame\" style=\"width:186px;height:auto\"\/><\/figure>\n<\/div>\n\n\n<p>Kevesli az \u00fcgy\u00e9szs\u00e9g annak a kamasznak a b\u00fcntet\u00e9s\u00e9t, aki k\u00e9t \u00e9ve egy balt\u00e1val brut\u00e1lisan kiv\u00e9gezte az \u00e9desanyj\u00e1t F\u00fcl\u00f6pjakabon, majd az apj\u00e1hoz menek\u00fclt. A most 15 \u00e9ves fi\u00fa kor\u00e1bban rezzen\u00e9stelen arccal besz\u00e9lt a gyilkoss\u00e1gr\u00f3l. 11 \u00e9v b\u00f6rt\u00f6nre \u00edt\u00e9lt\u00e9k, a fellebbviteli f\u0151\u00fcgy\u00e9szs\u00e9g szerint azonban ez nagyon kev\u00e9s. Ez\u00e9rt arra k\u00e9rte az \u00edt\u00e9l\u0151t\u00e1bl\u00e1t, hogy s\u00falyos\u00edtsa a fi\u00fa b\u00fcntet\u00e9s\u00e9t.<\/p>\n\n\n\n<div style=\"width: 100%; height: 0px; position: relative; padding-bottom: 56%;\"><iframe src=\"https:\/\/tenyek.hu\/embed\/44023_kivegezte-anyjat-keveslik-a-buntetest?autoplay=0\" frameborder=\"0\" allowfullscreen=\"true\" style=\"width: 100%; height: 100%; position: absolute;\"><\/iframe><\/div>\n","protected":false},"excerpt":{"rendered":"<p>Kevesli az \u00fcgy\u00e9szs\u00e9g annak a kamasznak a b\u00fcntet\u00e9s\u00e9t, aki k\u00e9t \u00e9ve egy balt\u00e1val brut\u00e1lisan kiv\u00e9gezte az \u00e9desanyj\u00e1t F\u00fcl\u00f6pjakabon, majd az apj\u00e1hoz menek\u00fclt. A most 15 \u00e9ves fi\u00fa kor\u00e1bban rezzen\u00e9stelen arccal besz\u00e9lt a gyilkoss\u00e1gr\u00f3l. 11 \u00e9v b\u00f6rt\u00f6nre \u00edt\u00e9lt\u00e9k, a fellebbviteli f\u0151\u00fcgy\u00e9szs\u00e9g szerint azonban ez nagyon kev\u00e9s. Ez\u00e9rt arra k\u00e9rte az \u00edt\u00e9l\u0151t\u00e1bl\u00e1t, hogy s\u00falyos\u00edtsa a fi\u00fa b\u00fcntet\u00e9s\u00e9t.<\/p>\n","protected":false},"author":4,"featured_media":0,"comment_status":"open","ping_status":"closed","sticky":false,"template":"","format":"standard","meta":{"footnotes":""},"categories":[5],"tags":[3013,71,4048,2487,4304,447],"class_list":["post-24841","post","type-post","status-publish","format-standard","hentry","category-kek-hirek","tag-balta","tag-birosag","tag-fulopjakab","tag-gyilkos","tag-kamasz","tag-ugyeszseg"],"_links":{"self":[{"href":"https:\/\/www.agriatv.hu\/index.php?rest_route=\/wp\/v2\/posts\/24841","targetHints":{"allow":["GET"]}}],"collection":[{"href":"https:\/\/www.agriatv.hu\/index.php?rest_route=\/wp\/v2\/posts"}],"about":[{"href":"https:\/\/www.agriatv.hu\/index.php?rest_route=\/wp\/v2\/types\/post"}],"author":[{"embeddable":true,"href":"https:\/\/www.agriatv.hu\/index.php?rest_route=\/wp\/v2\/users\/4"}],"replies":[{"embeddable":true,"href":"https:\/\/www.agriatv.hu\/index.php?rest_route=%2Fwp%2Fv2%2Fcomments&post=24841"}],"version-history":[{"count":1,"href":"https:\/\/www.agriatv.hu\/index.php?rest_route=\/wp\/v2\/posts\/24841\/revisions"}],"predecessor-version":[{"id":24842,"href":"https:\/\/www.agriatv.hu\/index.php?rest_route=\/wp\/v2\/posts\/24841\/revisions\/24842"}],"wp:attachment":[{"href":"https:\/\/www.agriatv.hu\/index.php?rest_route=%2Fwp%2Fv2%2Fmedia&parent=24841"}],"wp:term":[{"taxonomy":"category","embeddable":true,"href":"https:\/\/www.agriatv.hu\/index.php?rest_route=%2Fwp%2Fv2%2Fcategories&post=24841"},{"taxonomy":"post_tag","embeddable":true,"href":"https:\/\/www.agriatv.hu\/index.php?rest_route=%2Fwp%2Fv2%2Ftags&post=24841"}],"curies":[{"name":"wp","href":"https:\/\/api.w.org\/{rel}","templated":true}]}}