{"id":24843,"date":"2024-02-20T20:00:52","date_gmt":"2024-02-20T20:00:52","guid":{"rendered":"https:\/\/www.agriatv.hu\/?p=24843"},"modified":"2024-02-20T20:00:53","modified_gmt":"2024-02-20T20:00:53","slug":"melybe-zuhant-a-kislany-tulelte","status":"publish","type":"post","link":"https:\/\/www.agriatv.hu\/?p=24843","title":{"rendered":"M\u00e9lybe zuhant a kisl\u00e1ny, t\u00fal\u00e9lte"},"content":{"rendered":"<div class=\"wp-block-image\">\n<figure class=\"alignleft is-resized\"><img decoding=\"async\" src=\"https:\/\/cdn.tenyek.hu\/media\/f\/f4\/f40a8ff9d99a5eb8e90d171c578dd5a1.jpg\" alt=\"Media player poster frame\" style=\"width:226px;height:auto\"\/><\/figure>\n<\/div>\n\n\n<p>T\u00f6bb m\u00e9tert zuhant a hegyr\u0151l a M\u00e1tr\u00e1ban egy kisl\u00e1ny, a gyermek az eszm\u00e9let\u00e9t is elvesztette az es\u00e9s k\u00f6zben. Megs\u00e9r\u00fclt a karja \u00e9s a feje is \u00e9s agyr\u00e1zk\u00f3d\u00e1st szenvedett. A kisl\u00e1nyhoz a gy\u00f6ngy\u00f6si hivat\u00e1sos \u00e9s \u00f6nk\u00e9ntes t\u0171zolt\u00f3k \u00e9rkeztek a helysz\u00ednre, akik k\u00f6telekkel hozt\u00e1k fel a m\u00e9lyb\u0151l. A gyermeket stabil \u00e1llapotban sz\u00e1ll\u00edtott\u00e1k s\u00fcrg\u0151ss\u00e9gi oszt\u00e1lyra.<\/p>\n\n\n\n<div style=\"width: 100%; height: 0px; position: relative; padding-bottom: 56%;\"><iframe src=\"https:\/\/tenyek.hu\/embed\/44026_melybe-zuhant-a-kislany-tulelte?autoplay=0\" frameborder=\"0\" allowfullscreen=\"true\" style=\"width: 100%; height: 100%; position: absolute;\"><\/iframe><\/div>\n","protected":false},"excerpt":{"rendered":"<p>T\u00f6bb m\u00e9tert zuhant a hegyr\u0151l a M\u00e1tr\u00e1ban egy kisl\u00e1ny, a gyermek az eszm\u00e9let\u00e9t is elvesztette az es\u00e9s k\u00f6zben. Megs\u00e9r\u00fclt a karja \u00e9s a feje is \u00e9s agyr\u00e1zk\u00f3d\u00e1st szenvedett. A kisl\u00e1nyhoz a gy\u00f6ngy\u00f6si hivat\u00e1sos \u00e9s \u00f6nk\u00e9ntes t\u0171zolt\u00f3k \u00e9rkeztek a helysz\u00ednre, akik k\u00f6telekkel hozt\u00e1k fel a m\u00e9lyb\u0151l. A gyermeket stabil \u00e1llapotban sz\u00e1ll\u00edtott\u00e1k s\u00fcrg\u0151ss\u00e9gi oszt\u00e1lyra.<\/p>\n","protected":false},"author":4,"featured_media":0,"comment_status":"open","ping_status":"closed","sticky":false,"template":"","format":"standard","meta":{"footnotes":""},"categories":[5],"tags":[320,713,38,458,161],"class_list":["post-24843","post","type-post","status-publish","format-standard","hentry","category-kek-hirek","tag-gyermek","tag-korhaz","tag-matra","tag-serult","tag-tuzolto"],"_links":{"self":[{"href":"https:\/\/www.agriatv.hu\/index.php?rest_route=\/wp\/v2\/posts\/24843","targetHints":{"allow":["GET"]}}],"collection":[{"href":"https:\/\/www.agriatv.hu\/index.php?rest_route=\/wp\/v2\/posts"}],"about":[{"href":"https:\/\/www.agriatv.hu\/index.php?rest_route=\/wp\/v2\/types\/post"}],"author":[{"embeddable":true,"href":"https:\/\/www.agriatv.hu\/index.php?rest_route=\/wp\/v2\/users\/4"}],"replies":[{"embeddable":true,"href":"https:\/\/www.agriatv.hu\/index.php?rest_route=%2Fwp%2Fv2%2Fcomments&post=24843"}],"version-history":[{"count":1,"href":"https:\/\/www.agriatv.hu\/index.php?rest_route=\/wp\/v2\/posts\/24843\/revisions"}],"predecessor-version":[{"id":24844,"href":"https:\/\/www.agriatv.hu\/index.php?rest_route=\/wp\/v2\/posts\/24843\/revisions\/24844"}],"wp:attachment":[{"href":"https:\/\/www.agriatv.hu\/index.php?rest_route=%2Fwp%2Fv2%2Fmedia&parent=24843"}],"wp:term":[{"taxonomy":"category","embeddable":true,"href":"https:\/\/www.agriatv.hu\/index.php?rest_route=%2Fwp%2Fv2%2Fcategories&post=24843"},{"taxonomy":"post_tag","embeddable":true,"href":"https:\/\/www.agriatv.hu\/index.php?rest_route=%2Fwp%2Fv2%2Ftags&post=24843"}],"curies":[{"name":"wp","href":"https:\/\/api.w.org\/{rel}","templated":true}]}}