{"id":24893,"date":"2024-03-26T20:20:59","date_gmt":"2024-03-26T20:20:59","guid":{"rendered":"https:\/\/www.agriatv.hu\/?p=24893"},"modified":"2024-03-26T20:21:01","modified_gmt":"2024-03-26T20:21:01","slug":"harman-haltak-meg-miatta-bortonbe-megy","status":"publish","type":"post","link":"https:\/\/www.agriatv.hu\/?p=24893","title":{"rendered":"H\u00e1rman haltak meg miatta, b\u00f6rt\u00f6nbe megy"},"content":{"rendered":"<div class=\"wp-block-image\">\n<figure class=\"alignleft is-resized\"><img decoding=\"async\" src=\"https:\/\/cdn.tenyek.hu\/media\/9\/92\/92578f7b8a49202685f5bede0e65da70.jpg\" alt=\"Media player poster frame\" style=\"width:232px;height:auto\"\/><\/figure>\n<\/div>\n\n\n<p>H\u00e1rom \u00e9v hat h\u00f3napra k\u00fcldj\u00e9k b\u00f6rt\u00f6nbe \u00e9s egy \u00e9vig ne vezethessen a sof\u0151r. Ezt k\u00e9ri az \u00fcgy\u00e9szs\u00e9g arra a f\u00e9rfira, aki miatt Balassagyarmat k\u00f6zel\u00e9ben h\u00e1rman haltak meg egy balesetben. Egy elhib\u00e1zott el\u0151z\u00e9s okozta a trag\u00e9di\u00e1t, amelyben k\u00e9t aut\u00f3 fel is borult. Egy h\u00e1zasp\u00e1r is meghalt a balesetben, a fiuk a k\u00f6nnyeivel k\u00fcszk\u00f6dve nyilatkozott a trag\u00e9dia ut\u00e1n. Az \u00fcgy\u00e9szs\u00e9g most emelt v\u00e1dat a hib\u00e1z\u00f3 sof\u0151r ellen.<\/p>\n\n\n\n<div style=\"width: 100%; height: 0px; position: relative; padding-bottom: 56%;\"><iframe src=\"https:\/\/tenyek.hu\/embed\/45172_harman-haltak-meg-miatta-bortonbe-megy?autoplay=0\" frameborder=\"0\" allowfullscreen=\"true\" style=\"width: 100%; height: 100%; position: absolute;\"><\/iframe><\/div>\n","protected":false},"excerpt":{"rendered":"<p>H\u00e1rom \u00e9v hat h\u00f3napra k\u00fcldj\u00e9k b\u00f6rt\u00f6nbe \u00e9s egy \u00e9vig ne vezethessen a sof\u0151r. Ezt k\u00e9ri az \u00fcgy\u00e9szs\u00e9g arra a f\u00e9rfira, aki miatt Balassagyarmat k\u00f6zel\u00e9ben h\u00e1rman haltak meg egy balesetben. Egy elhib\u00e1zott el\u0151z\u00e9s okozta a trag\u00e9di\u00e1t, amelyben k\u00e9t aut\u00f3 fel is borult. Egy h\u00e1zasp\u00e1r is meghalt a balesetben, a fiuk a k\u00f6nnyeivel k\u00fcszk\u00f6dve nyilatkozott a trag\u00e9dia [&#8230;]<\/p>\n","protected":false},"author":4,"featured_media":0,"comment_status":"open","ping_status":"closed","sticky":false,"template":"","format":"standard","meta":{"footnotes":""},"categories":[5],"tags":[3080,41,1846,771,1929,2707,447],"class_list":["post-24893","post","type-post","status-publish","format-standard","hentry","category-kek-hirek","tag-balassagyarmat","tag-baleset","tag-elozes","tag-halal","tag-sofor","tag-tragedia","tag-ugyeszseg"],"_links":{"self":[{"href":"https:\/\/www.agriatv.hu\/index.php?rest_route=\/wp\/v2\/posts\/24893","targetHints":{"allow":["GET"]}}],"collection":[{"href":"https:\/\/www.agriatv.hu\/index.php?rest_route=\/wp\/v2\/posts"}],"about":[{"href":"https:\/\/www.agriatv.hu\/index.php?rest_route=\/wp\/v2\/types\/post"}],"author":[{"embeddable":true,"href":"https:\/\/www.agriatv.hu\/index.php?rest_route=\/wp\/v2\/users\/4"}],"replies":[{"embeddable":true,"href":"https:\/\/www.agriatv.hu\/index.php?rest_route=%2Fwp%2Fv2%2Fcomments&post=24893"}],"version-history":[{"count":1,"href":"https:\/\/www.agriatv.hu\/index.php?rest_route=\/wp\/v2\/posts\/24893\/revisions"}],"predecessor-version":[{"id":24894,"href":"https:\/\/www.agriatv.hu\/index.php?rest_route=\/wp\/v2\/posts\/24893\/revisions\/24894"}],"wp:attachment":[{"href":"https:\/\/www.agriatv.hu\/index.php?rest_route=%2Fwp%2Fv2%2Fmedia&parent=24893"}],"wp:term":[{"taxonomy":"category","embeddable":true,"href":"https:\/\/www.agriatv.hu\/index.php?rest_route=%2Fwp%2Fv2%2Fcategories&post=24893"},{"taxonomy":"post_tag","embeddable":true,"href":"https:\/\/www.agriatv.hu\/index.php?rest_route=%2Fwp%2Fv2%2Ftags&post=24893"}],"curies":[{"name":"wp","href":"https:\/\/api.w.org\/{rel}","templated":true}]}}