{"id":24925,"date":"2024-04-26T21:14:17","date_gmt":"2024-04-26T21:14:17","guid":{"rendered":"https:\/\/www.agriatv.hu\/?p=24925"},"modified":"2024-04-26T21:14:19","modified_gmt":"2024-04-26T21:14:19","slug":"vonatra-maszott-kuzdenek-a-fiu-eleteert","status":"publish","type":"post","link":"https:\/\/www.agriatv.hu\/?p=24925","title":{"rendered":"Vonatra m\u00e1szott, k\u00fczdenek a fi\u00fa \u00e9let\u00e9\u00e9rt"},"content":{"rendered":"<div class=\"wp-block-image\">\n<figure class=\"alignleft is-resized\"><img decoding=\"async\" src=\"https:\/\/cdn.tenyek.hu\/media\/5\/56\/56f58a9e43e8dceb8d591092a253a933.jpg\" alt=\"Media player poster frame\" style=\"width:185px;height:auto\"\/><\/figure>\n<\/div>\n\n\n<p>M\u00e9lyaltat\u00e1sban van a budapesti Honv\u00e9dk\u00f3rh\u00e1zban az a 19 \u00e9ves fiatal, akit cs\u00fct\u00f6rt\u00f6k\u00f6n hatalmas \u00e1ram\u00fct\u00e9s \u00e9rt, amikor felm\u00e1szott egy vagonra az egri vas\u00fat\u00e1llom\u00e1son. A vonatok felett fut\u00f3 fels\u0151vezet\u00e9kekben 25 ezer Voltos fesz\u00fclts\u00e9g van, \u00fagy tudjuk, a v\u00e9gz\u0151s gimnazista test\u00e9nek 60%-a \u00f6ssze\u00e9gett. A fi\u00fa rokona megt\u00f6rten nyilatkozott a T\u00e9nyeknek, nem \u00e9rti, hogy a kit\u0171n\u0151 tanul\u00f3, egyetemre k\u00e9sz\u00fcl\u0151 fiatal mi\u00e9rt volt ilyen felel\u0151tlen. Szerinte ez nem jellemz\u0151 r\u00e1.<\/p>\n\n\n\n<div style=\"width: 100%; height: 0px; position: relative; padding-bottom: 56%;\"><iframe src=\"https:\/\/tenyek.hu\/embed\/46224_vonatra-maszott-kuzdenek-a-fiu-eleteert?autoplay=0\" frameborder=\"0\" allowfullscreen=\"true\" style=\"width: 100%; height: 100%; position: absolute;\"><\/iframe><\/div>\n\n\n\n<p>A fi\u00fat egy magasfesz\u00fclts\u00e9g\u0171 vezet\u00e9k r\u00e1zta meg, amikor felm\u00e1szott egy vas\u00fati tart\u00e1lykocsi tetej\u00e9re az egri rendez\u0151p\u00e1lyaudvaron cs\u00fct\u00f6rt\u00f6k\u00f6n. Test\u00e9nek jelent\u0151s r\u00e9sze meg\u00e9gett. Ment\u0151helikopterrel sz\u00e1ll\u00edtott\u00e1k a Honv\u00e9dk\u00f3rh\u00e1zba, \u00e9letvesz\u00e9lyes s\u00e9r\u00fcl\u00e9sekkel. A M\u00c1V adatai szerint k\u00e9t \u00e9v alatt \u00f6sszesen hat embert \u00e9rt \u00e1ram\u00fct\u00e9s amiatt, hogy vas\u00fati kocsik tetej\u00e9re m\u00e1sztak fel.<\/p>\n\n\n\n<div style=\"width: 100%; height: 0px; position: relative; padding-bottom: 56%;\"><iframe src=\"https:\/\/embed.rtl.hu\/embed\/2363719?autoplay=0\" frameborder=\"0\" allowfullscreen=\"true\" style=\"width: 100%; height: 100%; position: absolute;\"><\/iframe><\/div>\n","protected":false},"excerpt":{"rendered":"<p>M\u00e9lyaltat\u00e1sban van a budapesti Honv\u00e9dk\u00f3rh\u00e1zban az a 19 \u00e9ves fiatal, akit cs\u00fct\u00f6rt\u00f6k\u00f6n hatalmas \u00e1ram\u00fct\u00e9s \u00e9rt, amikor felm\u00e1szott egy vagonra az egri vas\u00fat\u00e1llom\u00e1son. A vonatok felett fut\u00f3 fels\u0151vezet\u00e9kekben 25 ezer Voltos fesz\u00fclts\u00e9g van, \u00fagy tudjuk, a v\u00e9gz\u0151s gimnazista test\u00e9nek 60%-a \u00f6ssze\u00e9gett. A fi\u00fa rokona megt\u00f6rten nyilatkozott a T\u00e9nyeknek, nem \u00e9rti, hogy a kit\u0171n\u0151 tanul\u00f3, egyetemre k\u00e9sz\u00fcl\u0151 [&#8230;]<\/p>\n","protected":false},"author":4,"featured_media":0,"comment_status":"open","ping_status":"closed","sticky":false,"template":"","format":"standard","meta":{"footnotes":""},"categories":[5],"tags":[2509,3605,2804,41,36,713,1037],"class_list":["post-24925","post","type-post","status-publish","format-standard","hentry","category-kek-hirek","tag-allomas","tag-altatas","tag-aramutes","tag-baleset","tag-eger","tag-korhaz","tag-vonat"],"_links":{"self":[{"href":"https:\/\/www.agriatv.hu\/index.php?rest_route=\/wp\/v2\/posts\/24925","targetHints":{"allow":["GET"]}}],"collection":[{"href":"https:\/\/www.agriatv.hu\/index.php?rest_route=\/wp\/v2\/posts"}],"about":[{"href":"https:\/\/www.agriatv.hu\/index.php?rest_route=\/wp\/v2\/types\/post"}],"author":[{"embeddable":true,"href":"https:\/\/www.agriatv.hu\/index.php?rest_route=\/wp\/v2\/users\/4"}],"replies":[{"embeddable":true,"href":"https:\/\/www.agriatv.hu\/index.php?rest_route=%2Fwp%2Fv2%2Fcomments&post=24925"}],"version-history":[{"count":1,"href":"https:\/\/www.agriatv.hu\/index.php?rest_route=\/wp\/v2\/posts\/24925\/revisions"}],"predecessor-version":[{"id":24926,"href":"https:\/\/www.agriatv.hu\/index.php?rest_route=\/wp\/v2\/posts\/24925\/revisions\/24926"}],"wp:attachment":[{"href":"https:\/\/www.agriatv.hu\/index.php?rest_route=%2Fwp%2Fv2%2Fmedia&parent=24925"}],"wp:term":[{"taxonomy":"category","embeddable":true,"href":"https:\/\/www.agriatv.hu\/index.php?rest_route=%2Fwp%2Fv2%2Fcategories&post=24925"},{"taxonomy":"post_tag","embeddable":true,"href":"https:\/\/www.agriatv.hu\/index.php?rest_route=%2Fwp%2Fv2%2Ftags&post=24925"}],"curies":[{"name":"wp","href":"https:\/\/api.w.org\/{rel}","templated":true}]}}