{"id":24929,"date":"2024-04-29T16:48:56","date_gmt":"2024-04-29T16:48:56","guid":{"rendered":"https:\/\/www.agriatv.hu\/?p=24929"},"modified":"2024-04-29T16:48:58","modified_gmt":"2024-04-29T16:48:58","slug":"sulyosan-megegett-a-gazrobbanasban","status":"publish","type":"post","link":"https:\/\/www.agriatv.hu\/?p=24929","title":{"rendered":"S\u00falyosan meg\u00e9gett a g\u00e1zrobban\u00e1sban"},"content":{"rendered":"<div class=\"wp-block-image\">\n<figure class=\"alignleft is-resized\"><img decoding=\"async\" src=\"https:\/\/cdn.tenyek.hu\/media\/b\/b8\/b86b68c0a46a363cc12310f881c1bbd6.jpg\" alt=\"Media player poster frame\" style=\"width:258px;height:auto\"\/><\/figure>\n<\/div>\n\n\n<p>S\u00falyosan meg\u00e9gett egy n\u0151 P\u00e1szt\u00f3n, miut\u00e1n g\u00e1zrobban\u00e1s volt a h\u00e1z\u00e1ban. Beszakadt a tet\u0151, \u00e9s kirobbantak az ablakok, a h\u00e1z lakhatatlann\u00e1 v\u00e1lt. Szegeden egy t\u00e1rsash\u00e1z f\u00f6ldszinti lak\u00e1s\u00e1ban is g\u00e1zrobban\u00e1s t\u00f6rt\u00e9nt. Akkora volt a deton\u00e1ci\u00f3, hogy a ny\u00edl\u00e1sz\u00e1rok t\u00f6bb emeleten is kirobbantak. Egy anya \u00e9s nyolc\u00e9ves gyereke voltak otthon, a n\u0151 \u00e9ppen tusolt a robban\u00e1s idej\u00e9n, a gyerek\u00e9vel \u00e9pphogy ki tudtak menek\u00fclni a m\u00e1r l\u00e1ngol\u00f3 \u00e9p\u00fcletb\u0151l.<\/p>\n\n\n\n<div style=\"width: 100%; height: 0px; position: relative; padding-bottom: 56%;\"><iframe src=\"https:\/\/tenyek.hu\/embed\/46317_sulyosan-megegett-a-gazrobbanasban?autoplay=0\" frameborder=\"0\" allowfullscreen=\"true\" style=\"width: 100%; height: 100%; position: absolute;\"><\/iframe><\/div>\n","protected":false},"excerpt":{"rendered":"<p>S\u00falyosan meg\u00e9gett egy n\u0151 P\u00e1szt\u00f3n, miut\u00e1n g\u00e1zrobban\u00e1s volt a h\u00e1z\u00e1ban. Beszakadt a tet\u0151, \u00e9s kirobbantak az ablakok, a h\u00e1z lakhatatlann\u00e1 v\u00e1lt. Szegeden egy t\u00e1rsash\u00e1z f\u00f6ldszinti lak\u00e1s\u00e1ban is g\u00e1zrobban\u00e1s t\u00f6rt\u00e9nt. Akkora volt a deton\u00e1ci\u00f3, hogy a ny\u00edl\u00e1sz\u00e1rok t\u00f6bb emeleten is kirobbantak. Egy anya \u00e9s nyolc\u00e9ves gyereke voltak otthon, a n\u0151 \u00e9ppen tusolt a robban\u00e1s idej\u00e9n, a [&#8230;]<\/p>\n","protected":false},"author":4,"featured_media":0,"comment_status":"open","ping_status":"closed","sticky":false,"template":"","format":"standard","meta":{"footnotes":""},"categories":[5],"tags":[4336,2749,2983,1150,458,161],"class_list":["post-24929","post","type-post","status-publish","format-standard","hentry","category-kek-hirek","tag-detonacio","tag-eges","tag-paszto","tag-robbanas","tag-serult","tag-tuzolto"],"_links":{"self":[{"href":"https:\/\/www.agriatv.hu\/index.php?rest_route=\/wp\/v2\/posts\/24929","targetHints":{"allow":["GET"]}}],"collection":[{"href":"https:\/\/www.agriatv.hu\/index.php?rest_route=\/wp\/v2\/posts"}],"about":[{"href":"https:\/\/www.agriatv.hu\/index.php?rest_route=\/wp\/v2\/types\/post"}],"author":[{"embeddable":true,"href":"https:\/\/www.agriatv.hu\/index.php?rest_route=\/wp\/v2\/users\/4"}],"replies":[{"embeddable":true,"href":"https:\/\/www.agriatv.hu\/index.php?rest_route=%2Fwp%2Fv2%2Fcomments&post=24929"}],"version-history":[{"count":1,"href":"https:\/\/www.agriatv.hu\/index.php?rest_route=\/wp\/v2\/posts\/24929\/revisions"}],"predecessor-version":[{"id":24930,"href":"https:\/\/www.agriatv.hu\/index.php?rest_route=\/wp\/v2\/posts\/24929\/revisions\/24930"}],"wp:attachment":[{"href":"https:\/\/www.agriatv.hu\/index.php?rest_route=%2Fwp%2Fv2%2Fmedia&parent=24929"}],"wp:term":[{"taxonomy":"category","embeddable":true,"href":"https:\/\/www.agriatv.hu\/index.php?rest_route=%2Fwp%2Fv2%2Fcategories&post=24929"},{"taxonomy":"post_tag","embeddable":true,"href":"https:\/\/www.agriatv.hu\/index.php?rest_route=%2Fwp%2Fv2%2Ftags&post=24929"}],"curies":[{"name":"wp","href":"https:\/\/api.w.org\/{rel}","templated":true}]}}