{"id":25007,"date":"2024-06-20T20:08:51","date_gmt":"2024-06-20T20:08:51","guid":{"rendered":"https:\/\/www.agriatv.hu\/?p=25007"},"modified":"2024-06-20T20:08:53","modified_gmt":"2024-06-20T20:08:53","slug":"majdnem-meghaltak-a-gombaporkolt-miatt","status":"publish","type":"post","link":"https:\/\/www.agriatv.hu\/?p=25007","title":{"rendered":"Majdnem meghaltak a gombap\u00f6rk\u00f6lt miatt"},"content":{"rendered":"<div class=\"wp-block-image\">\n<figure class=\"alignleft is-resized\"><img decoding=\"async\" src=\"https:\/\/cdn.tenyek.hu\/media\/8\/87\/87d8dbb918a5bbd0dbe7a5c5fc9c556c.jpg\" alt=\"Media player poster frame\" style=\"width:220px;height:auto\"\/><\/figure>\n<\/div>\n\n\n<p>Gyilkos gal\u00f3c\u00e1b\u00f3l f\u0151z\u00f6tt p\u00f6rk\u00f6ltet egy n\u0151 a Heves V\u00e1rmegyei K\u00e1poln\u00e1n, \u00f6sszesen n\u00e9gyen ker\u00fcltek miatta k\u00f3rh\u00e1zba. H\u00e1rom gyerek \u00e9s a n\u0151 19 \u00e9ves p\u00e1rja is meghalhatott volna, az egyik 13 \u00e9ves l\u00e1nynak olyan s\u00falyosan k\u00e1rosodott a m\u00e1ja, hogy m\u00e1j\u00e1t\u00fcltet\u00e9sre volt sz\u00fcks\u00e9ge. A gyerekek \u00e9desanyja s\u00edrva nyilatkozott a T\u00e9nyeknek, azt mondja, \u0151 kidobta a m\u00e9rgez\u0151 gomb\u00e1t, amikor a f\u00e9rje hazavitte, majd elment dolgozni, a csal\u00e1d viszont m\u00e9gis megf\u0151zte.<\/p>\n\n\n\n<div style=\"width: 100%; height: 0px; position: relative; padding-bottom: 56%;\"><iframe src=\"https:\/\/tenyek.hu\/embed\/47990_majdnem-meghaltak-a-gombaporkolt-miatt?autoplay=0\" frameborder=\"0\" allowfullscreen=\"true\" style=\"width: 100%; height: 100%; position: absolute;\"><\/iframe><\/div>\n","protected":false},"excerpt":{"rendered":"<p>Gyilkos gal\u00f3c\u00e1b\u00f3l f\u0151z\u00f6tt p\u00f6rk\u00f6ltet egy n\u0151 a Heves V\u00e1rmegyei K\u00e1poln\u00e1n, \u00f6sszesen n\u00e9gyen ker\u00fcltek miatta k\u00f3rh\u00e1zba. H\u00e1rom gyerek \u00e9s a n\u0151 19 \u00e9ves p\u00e1rja is meghalhatott volna, az egyik 13 \u00e9ves l\u00e1nynak olyan s\u00falyosan k\u00e1rosodott a m\u00e1ja, hogy m\u00e1j\u00e1t\u00fcltet\u00e9sre volt sz\u00fcks\u00e9ge. A gyerekek \u00e9desanyja s\u00edrva nyilatkozott a T\u00e9nyeknek, azt mondja, \u0151 kidobta a m\u00e9rgez\u0151 gomb\u00e1t, amikor [&#8230;]<\/p>\n","protected":false},"author":4,"featured_media":0,"comment_status":"open","ping_status":"closed","sticky":false,"template":"","format":"standard","meta":{"footnotes":""},"categories":[6,5],"tags":[487,2079,1258,1042,713,1576],"class_list":["post-25007","post","type-post","status-publish","format-standard","hentry","category-belfold","category-kek-hirek","tag-csalad","tag-gomba","tag-gyerek","tag-kapolna","tag-korhaz","tag-mergezes"],"_links":{"self":[{"href":"https:\/\/www.agriatv.hu\/index.php?rest_route=\/wp\/v2\/posts\/25007","targetHints":{"allow":["GET"]}}],"collection":[{"href":"https:\/\/www.agriatv.hu\/index.php?rest_route=\/wp\/v2\/posts"}],"about":[{"href":"https:\/\/www.agriatv.hu\/index.php?rest_route=\/wp\/v2\/types\/post"}],"author":[{"embeddable":true,"href":"https:\/\/www.agriatv.hu\/index.php?rest_route=\/wp\/v2\/users\/4"}],"replies":[{"embeddable":true,"href":"https:\/\/www.agriatv.hu\/index.php?rest_route=%2Fwp%2Fv2%2Fcomments&post=25007"}],"version-history":[{"count":1,"href":"https:\/\/www.agriatv.hu\/index.php?rest_route=\/wp\/v2\/posts\/25007\/revisions"}],"predecessor-version":[{"id":25008,"href":"https:\/\/www.agriatv.hu\/index.php?rest_route=\/wp\/v2\/posts\/25007\/revisions\/25008"}],"wp:attachment":[{"href":"https:\/\/www.agriatv.hu\/index.php?rest_route=%2Fwp%2Fv2%2Fmedia&parent=25007"}],"wp:term":[{"taxonomy":"category","embeddable":true,"href":"https:\/\/www.agriatv.hu\/index.php?rest_route=%2Fwp%2Fv2%2Fcategories&post=25007"},{"taxonomy":"post_tag","embeddable":true,"href":"https:\/\/www.agriatv.hu\/index.php?rest_route=%2Fwp%2Fv2%2Ftags&post=25007"}],"curies":[{"name":"wp","href":"https:\/\/api.w.org\/{rel}","templated":true}]}}