{"id":25015,"date":"2024-06-23T18:17:30","date_gmt":"2024-06-23T18:17:30","guid":{"rendered":"https:\/\/www.agriatv.hu\/?p=25015"},"modified":"2024-06-23T18:17:31","modified_gmt":"2024-06-23T18:17:31","slug":"siofokrol-mentek-haza-majdnem-meghaltak","status":"publish","type":"post","link":"https:\/\/www.agriatv.hu\/?p=25015","title":{"rendered":"Si\u00f3fokr\u00f3l mentek haza, majdnem meghaltak"},"content":{"rendered":"<div class=\"wp-block-image\">\n<figure class=\"alignleft is-resized\"><img decoding=\"async\" src=\"https:\/\/cdn.tenyek.hu\/media\/a\/a5\/a50d63083ddc6d301b40520e101a4790.jpg\" alt=\"Media player poster frame\" style=\"width:228px;height:auto\"\/><\/figure>\n<\/div>\n\n\n<p>Sokkol\u00f3, kis h\u00edj\u00e1n hal\u00e1los baleset t\u00f6rt\u00e9nt az M7-es aut\u00f3p\u00e1ly\u00e1n hajnalban. \u00dagy tudjuk egy buliz\u00f3 t\u00e1rsas\u00e1g Si\u00f3fokr\u00f3l tartott Budapest ir\u00e1ny\u00e1ba, amikor Polg\u00e1rdi k\u00f6zel\u00e9ben az egyik luxusaut\u00f3 meghib\u00e1sodhatott \u00e9s leblokkolhatott. A m\u00f6g\u00f6tte halad\u00f3 kocsi m\u00e1r nem tudta kiker\u00fclni, \u00edgy \u00f3ri\u00e1si er\u0151vel neki \u00fctk\u00f6z\u00f6tt. K\u00e9t f\u00e9rfi \u00e9letvesz\u00e9lyesen megs\u00e9r\u00fclt. Szir\u00e1kn\u00e1l pedig egy aut\u00f3 csap\u00f3dott az egyik h\u00e1zba, ezt a sof\u0151rt is k\u00f3rh\u00e1zba kellett vinni.<\/p>\n\n\n\n<div style=\"width: 100%; height: 0px; position: relative; padding-bottom: 56%;\"><iframe src=\"https:\/\/tenyek.hu\/embed\/48081_siofokrol-mentek-haza-majdnem-meghaltak?autoplay=0\" frameborder=\"0\" allowfullscreen=\"true\" style=\"width: 100%; height: 100%; position: absolute;\"><\/iframe><\/div>\n","protected":false},"excerpt":{"rendered":"<p>Sokkol\u00f3, kis h\u00edj\u00e1n hal\u00e1los baleset t\u00f6rt\u00e9nt az M7-es aut\u00f3p\u00e1ly\u00e1n hajnalban. \u00dagy tudjuk egy buliz\u00f3 t\u00e1rsas\u00e1g Si\u00f3fokr\u00f3l tartott Budapest ir\u00e1ny\u00e1ba, amikor Polg\u00e1rdi k\u00f6zel\u00e9ben az egyik luxusaut\u00f3 meghib\u00e1sodhatott \u00e9s leblokkolhatott. A m\u00f6g\u00f6tte halad\u00f3 kocsi m\u00e1r nem tudta kiker\u00fclni, \u00edgy \u00f3ri\u00e1si er\u0151vel neki \u00fctk\u00f6z\u00f6tt. K\u00e9t f\u00e9rfi \u00e9letvesz\u00e9lyesen megs\u00e9r\u00fclt. Szir\u00e1kn\u00e1l pedig egy aut\u00f3 csap\u00f3dott az egyik h\u00e1zba, ezt a [&#8230;]<\/p>\n","protected":false},"author":4,"featured_media":0,"comment_status":"open","ping_status":"closed","sticky":false,"template":"","format":"standard","meta":{"footnotes":""},"categories":[5],"tags":[41,1452,122,3341],"class_list":["post-25015","post","type-post","status-publish","format-standard","hentry","category-kek-hirek","tag-baleset","tag-haz","tag-rendorseg","tag-szirak"],"_links":{"self":[{"href":"https:\/\/www.agriatv.hu\/index.php?rest_route=\/wp\/v2\/posts\/25015","targetHints":{"allow":["GET"]}}],"collection":[{"href":"https:\/\/www.agriatv.hu\/index.php?rest_route=\/wp\/v2\/posts"}],"about":[{"href":"https:\/\/www.agriatv.hu\/index.php?rest_route=\/wp\/v2\/types\/post"}],"author":[{"embeddable":true,"href":"https:\/\/www.agriatv.hu\/index.php?rest_route=\/wp\/v2\/users\/4"}],"replies":[{"embeddable":true,"href":"https:\/\/www.agriatv.hu\/index.php?rest_route=%2Fwp%2Fv2%2Fcomments&post=25015"}],"version-history":[{"count":1,"href":"https:\/\/www.agriatv.hu\/index.php?rest_route=\/wp\/v2\/posts\/25015\/revisions"}],"predecessor-version":[{"id":25016,"href":"https:\/\/www.agriatv.hu\/index.php?rest_route=\/wp\/v2\/posts\/25015\/revisions\/25016"}],"wp:attachment":[{"href":"https:\/\/www.agriatv.hu\/index.php?rest_route=%2Fwp%2Fv2%2Fmedia&parent=25015"}],"wp:term":[{"taxonomy":"category","embeddable":true,"href":"https:\/\/www.agriatv.hu\/index.php?rest_route=%2Fwp%2Fv2%2Fcategories&post=25015"},{"taxonomy":"post_tag","embeddable":true,"href":"https:\/\/www.agriatv.hu\/index.php?rest_route=%2Fwp%2Fv2%2Ftags&post=25015"}],"curies":[{"name":"wp","href":"https:\/\/api.w.org\/{rel}","templated":true}]}}