{"id":25031,"date":"2024-07-09T19:37:33","date_gmt":"2024-07-09T19:37:33","guid":{"rendered":"https:\/\/www.agriatv.hu\/?p=25031"},"modified":"2024-07-09T19:37:36","modified_gmt":"2024-07-09T19:37:36","slug":"szexre-kenyszeritette-heteves-kislanyat","status":"publish","type":"post","link":"https:\/\/www.agriatv.hu\/?p=25031","title":{"rendered":"Szexre k\u00e9nyszer\u00edtette h\u00e9t\u00e9ves kisl\u00e1ny\u00e1t"},"content":{"rendered":"<div class=\"wp-block-image\">\n<figure class=\"alignleft is-resized\"><img decoding=\"async\" src=\"https:\/\/cdn.tenyek.hu\/media\/a\/a7\/a76ed15eafbc575d76b4564187e01dfc.jpg\" alt=\"Media player poster frame\" style=\"width:231px;height:auto\"\/><\/figure>\n<\/div>\n\n\n<p>T\u00f6bbsz\u00f6r is szexu\u00e1lisan zaklatta saj\u00e1t h\u00e9t\u00e9ves kisl\u00e1ny\u00e1t egy hatvani f\u00e9rfi, \u00fagy tudjuk, m\u00e9g a nemi szerv\u00e9t is cs\u00f3kolgatta. A gyerek anyj\u00e1val kor\u00e1bban elv\u00e1ltak, a h\u00e9t\u00e9ves kisl\u00e1ny l\u00e1that\u00e1son volt n\u00e1la, amikor a borzalmakat elk\u00f6vette. Az \u00f6l\u00e9be \u00fcltette \u00e9s az als\u00f3nem\u0171j\u00e9be ny\u00falk\u00e1lt, majd az \u00e1gyra fektette \u00e9s \u00fagy el\u00e9g\u00edtette ki a v\u00e1gyait. A pedofil apa ellen most emeltek v\u00e1dat, ak\u00e1r t\u00edz \u00e9vre is r\u00e1cs m\u00f6g\u00e9 ker\u00fclhet.<\/p>\n\n\n\n<div style=\"width: 100%; height: 0px; position: relative; padding-bottom: 56%;\"><iframe src=\"https:\/\/tenyek.hu\/embed\/48597_szexre-kenyszeritette-heteves-kislanyat?autoplay=0\" frameborder=\"0\" allowfullscreen=\"true\" style=\"width: 100%; height: 100%; position: absolute;\"><\/iframe><\/div>\n","protected":false},"excerpt":{"rendered":"<p>T\u00f6bbsz\u00f6r is szexu\u00e1lisan zaklatta saj\u00e1t h\u00e9t\u00e9ves kisl\u00e1ny\u00e1t egy hatvani f\u00e9rfi, \u00fagy tudjuk, m\u00e9g a nemi szerv\u00e9t is cs\u00f3kolgatta. A gyerek anyj\u00e1val kor\u00e1bban elv\u00e1ltak, a h\u00e9t\u00e9ves kisl\u00e1ny l\u00e1that\u00e1son volt n\u00e1la, amikor a borzalmakat elk\u00f6vette. Az \u00f6l\u00e9be \u00fcltette \u00e9s az als\u00f3nem\u0171j\u00e9be ny\u00falk\u00e1lt, majd az \u00e1gyra fektette \u00e9s \u00fagy el\u00e9g\u00edtette ki a v\u00e1gyait. A pedofil apa ellen most [&#8230;]<\/p>\n","protected":false},"author":4,"featured_media":0,"comment_status":"open","ping_status":"closed","sticky":false,"template":"","format":"standard","meta":{"footnotes":""},"categories":[5],"tags":[2541,236,2424,3962],"class_list":["post-25031","post","type-post","status-publish","format-standard","hentry","category-kek-hirek","tag-apa","tag-hatvan","tag-kislany","tag-szex"],"_links":{"self":[{"href":"https:\/\/www.agriatv.hu\/index.php?rest_route=\/wp\/v2\/posts\/25031","targetHints":{"allow":["GET"]}}],"collection":[{"href":"https:\/\/www.agriatv.hu\/index.php?rest_route=\/wp\/v2\/posts"}],"about":[{"href":"https:\/\/www.agriatv.hu\/index.php?rest_route=\/wp\/v2\/types\/post"}],"author":[{"embeddable":true,"href":"https:\/\/www.agriatv.hu\/index.php?rest_route=\/wp\/v2\/users\/4"}],"replies":[{"embeddable":true,"href":"https:\/\/www.agriatv.hu\/index.php?rest_route=%2Fwp%2Fv2%2Fcomments&post=25031"}],"version-history":[{"count":1,"href":"https:\/\/www.agriatv.hu\/index.php?rest_route=\/wp\/v2\/posts\/25031\/revisions"}],"predecessor-version":[{"id":25032,"href":"https:\/\/www.agriatv.hu\/index.php?rest_route=\/wp\/v2\/posts\/25031\/revisions\/25032"}],"wp:attachment":[{"href":"https:\/\/www.agriatv.hu\/index.php?rest_route=%2Fwp%2Fv2%2Fmedia&parent=25031"}],"wp:term":[{"taxonomy":"category","embeddable":true,"href":"https:\/\/www.agriatv.hu\/index.php?rest_route=%2Fwp%2Fv2%2Fcategories&post=25031"},{"taxonomy":"post_tag","embeddable":true,"href":"https:\/\/www.agriatv.hu\/index.php?rest_route=%2Fwp%2Fv2%2Ftags&post=25031"}],"curies":[{"name":"wp","href":"https:\/\/api.w.org\/{rel}","templated":true}]}}