{"id":25045,"date":"2024-07-20T18:24:53","date_gmt":"2024-07-20T18:24:53","guid":{"rendered":"https:\/\/www.agriatv.hu\/?p=25045"},"modified":"2024-07-20T18:24:57","modified_gmt":"2024-07-20T18:24:57","slug":"kozepkori-forgatag-a-vegvari-vigassagon","status":"publish","type":"post","link":"https:\/\/www.agriatv.hu\/?p=25045","title":{"rendered":"K\u00f6z\u00e9pkori forgatag a v\u00e9gv\u00e1ri vigass\u00e1gon"},"content":{"rendered":"<div class=\"wp-block-image\">\n<figure class=\"alignleft is-resized\"><img decoding=\"async\" src=\"https:\/\/cdn.tenyek.hu\/media\/6\/6a\/6a0a8080210470a193748895d8b75978.jpg\" alt=\"Media player poster frame\" style=\"width:268px;height:auto\"\/><\/figure>\n<\/div>\n\n\n<p>Kis\u00e1llat-simogat\u00f3 \u00e9s k\u00f6z\u00e9pkori j\u00e1t\u00e9kok is v\u00e1rt\u00e1k a gyerekeket a hagyom\u00e1ny\u0151rz\u0151 V\u00e9gv\u00e1ri Vigass\u00e1gokon, Egerben. A forgatagban a korh\u0171 fegyverek mellett a r\u00e9gi viseleteket is l\u00e1thatt\u00e1k az \u00e9rdekl\u0151d\u0151k \u00e9s megismerkedhettek az akkori \u00e9letm\u00f3ddal is. Aki pedig valami k\u00fcl\u00f6nleges \u00e9telre v\u00e1gyott, megk\u00f3stolhatta p\u00e9ld\u00e1ul azt, amivel a v\u00e1rn\u00e9pet k\u00edn\u00e1lt\u00e1k az ostrom idej\u00e9n.<\/p>\n\n\n\n<div style=\"width: 100%; height: 0px; position: relative; padding-bottom: 56%;\"><iframe src=\"https:\/\/tenyek.hu\/embed\/48981_kozepkori-forgatag-a-vegvari-vigassagon?autoplay=0\" frameborder=\"0\" allowfullscreen=\"true\" style=\"width: 100%; height: 100%; position: absolute;\"><\/iframe><\/div>\n","protected":false},"excerpt":{"rendered":"<p>Kis\u00e1llat-simogat\u00f3 \u00e9s k\u00f6z\u00e9pkori j\u00e1t\u00e9kok is v\u00e1rt\u00e1k a gyerekeket a hagyom\u00e1ny\u0151rz\u0151 V\u00e9gv\u00e1ri Vigass\u00e1gokon, Egerben. A forgatagban a korh\u0171 fegyverek mellett a r\u00e9gi viseleteket is l\u00e1thatt\u00e1k az \u00e9rdekl\u0151d\u0151k \u00e9s megismerkedhettek az akkori \u00e9letm\u00f3ddal is. Aki pedig valami k\u00fcl\u00f6nleges \u00e9telre v\u00e1gyott, megk\u00f3stolhatta p\u00e9ld\u00e1ul azt, amivel a v\u00e1rn\u00e9pet k\u00edn\u00e1lt\u00e1k az ostrom idej\u00e9n.<\/p>\n","protected":false},"author":4,"featured_media":0,"comment_status":"open","ping_status":"closed","sticky":false,"template":"","format":"standard","meta":{"footnotes":""},"categories":[8,4],"tags":[36,1364,154,1289,1676],"class_list":["post-25045","post","type-post","status-publish","format-standard","hentry","category-kultura","category-szabadido","tag-eger","tag-fegyver","tag-vegvar","tag-vigassag","tag-vitez"],"_links":{"self":[{"href":"https:\/\/www.agriatv.hu\/index.php?rest_route=\/wp\/v2\/posts\/25045","targetHints":{"allow":["GET"]}}],"collection":[{"href":"https:\/\/www.agriatv.hu\/index.php?rest_route=\/wp\/v2\/posts"}],"about":[{"href":"https:\/\/www.agriatv.hu\/index.php?rest_route=\/wp\/v2\/types\/post"}],"author":[{"embeddable":true,"href":"https:\/\/www.agriatv.hu\/index.php?rest_route=\/wp\/v2\/users\/4"}],"replies":[{"embeddable":true,"href":"https:\/\/www.agriatv.hu\/index.php?rest_route=%2Fwp%2Fv2%2Fcomments&post=25045"}],"version-history":[{"count":1,"href":"https:\/\/www.agriatv.hu\/index.php?rest_route=\/wp\/v2\/posts\/25045\/revisions"}],"predecessor-version":[{"id":25046,"href":"https:\/\/www.agriatv.hu\/index.php?rest_route=\/wp\/v2\/posts\/25045\/revisions\/25046"}],"wp:attachment":[{"href":"https:\/\/www.agriatv.hu\/index.php?rest_route=%2Fwp%2Fv2%2Fmedia&parent=25045"}],"wp:term":[{"taxonomy":"category","embeddable":true,"href":"https:\/\/www.agriatv.hu\/index.php?rest_route=%2Fwp%2Fv2%2Fcategories&post=25045"},{"taxonomy":"post_tag","embeddable":true,"href":"https:\/\/www.agriatv.hu\/index.php?rest_route=%2Fwp%2Fv2%2Ftags&post=25045"}],"curies":[{"name":"wp","href":"https:\/\/api.w.org\/{rel}","templated":true}]}}