{"id":25107,"date":"2024-09-23T21:01:46","date_gmt":"2024-09-23T21:01:46","guid":{"rendered":"https:\/\/www.agriatv.hu\/?p=25107"},"modified":"2024-09-23T21:01:47","modified_gmt":"2024-09-23T21:01:47","slug":"napszemuvegert-vertek-ossze-a-boltost","status":"publish","type":"post","link":"https:\/\/www.agriatv.hu\/?p=25107","title":{"rendered":"Napszem\u00fcveg\u00e9rt vert\u00e9k \u00f6ssze a boltost"},"content":{"rendered":"<div class=\"wp-block-image\">\n<figure class=\"alignleft is-resized\"><img decoding=\"async\" src=\"https:\/\/cdn.tenyek.hu\/media\/d\/d1\/d199ec88aaa6fd638db437a42d1c8a8e.jpg\" alt=\"Media player poster frame\" style=\"width:257px;height:auto\"\/><\/figure>\n<\/div>\n\n\n<p>Napszem\u00fcveget akart lopni egy csal\u00e1d Sz\u00e9cs\u00e9nyben, azonban a bolt tulajdonosa \u00e9szrevette a tolvajokat. K\u00e9rte, hogy tegy\u00e9k vissza az \u00e1rut a polcra, ezt azonban a rokonok nem tett\u00e9k meg, ehelyett megvert\u00e9k a boltost. A kegyetlen b\u00e1ntalmaz\u00e1st az \u00fczlet kamer\u00e1ja r\u00f6gz\u00edtette, ez seg\u00edtette a nyomoz\u00e1st, aminek eredm\u00e9nyek\u00e9ppen az \u00fcgy\u00e9szs\u00e9g most v\u00e1dat emelt a rokonok, k\u00f6zt\u00fck k\u00e9t fiatalkor\u00fa ellen.<\/p>\n\n\n\n<div style=\"width: 100%; aspect-ratio: 16\/9; position: relative;\"><iframe src=\"https:\/\/tenyek.hu\/embed\/51079_napszemuvegert-vertek-ossze-a-boltost?autoplay=0\" frameborder=\"0\" allow=\"fullscreen; encrypted-media; autoplay\" style=\"width: 100%; height: 100%; position: absolute;\"><\/iframe><\/div>\n","protected":false},"excerpt":{"rendered":"<p>Napszem\u00fcveget akart lopni egy csal\u00e1d Sz\u00e9cs\u00e9nyben, azonban a bolt tulajdonosa \u00e9szrevette a tolvajokat. K\u00e9rte, hogy tegy\u00e9k vissza az \u00e1rut a polcra, ezt azonban a rokonok nem tett\u00e9k meg, ehelyett megvert\u00e9k a boltost. A kegyetlen b\u00e1ntalmaz\u00e1st az \u00fczlet kamer\u00e1ja r\u00f6gz\u00edtette, ez seg\u00edtette a nyomoz\u00e1st, aminek eredm\u00e9nyek\u00e9ppen az \u00fcgy\u00e9szs\u00e9g most v\u00e1dat emelt a rokonok, k\u00f6zt\u00fck k\u00e9t fiatalkor\u00fa [&#8230;]<\/p>\n","protected":false},"author":4,"featured_media":0,"comment_status":"open","ping_status":"closed","sticky":false,"template":"","format":"standard","meta":{"footnotes":""},"categories":[5],"tags":[1040,487,3054,1553,447,952,2152],"class_list":["post-25107","post","type-post","status-publish","format-standard","hentry","category-kek-hirek","tag-bantalmazas","tag-csalad","tag-szecseny","tag-tolvaj","tag-ugyeszseg","tag-uzlet","tag-vademeles"],"_links":{"self":[{"href":"https:\/\/www.agriatv.hu\/index.php?rest_route=\/wp\/v2\/posts\/25107","targetHints":{"allow":["GET"]}}],"collection":[{"href":"https:\/\/www.agriatv.hu\/index.php?rest_route=\/wp\/v2\/posts"}],"about":[{"href":"https:\/\/www.agriatv.hu\/index.php?rest_route=\/wp\/v2\/types\/post"}],"author":[{"embeddable":true,"href":"https:\/\/www.agriatv.hu\/index.php?rest_route=\/wp\/v2\/users\/4"}],"replies":[{"embeddable":true,"href":"https:\/\/www.agriatv.hu\/index.php?rest_route=%2Fwp%2Fv2%2Fcomments&post=25107"}],"version-history":[{"count":1,"href":"https:\/\/www.agriatv.hu\/index.php?rest_route=\/wp\/v2\/posts\/25107\/revisions"}],"predecessor-version":[{"id":25108,"href":"https:\/\/www.agriatv.hu\/index.php?rest_route=\/wp\/v2\/posts\/25107\/revisions\/25108"}],"wp:attachment":[{"href":"https:\/\/www.agriatv.hu\/index.php?rest_route=%2Fwp%2Fv2%2Fmedia&parent=25107"}],"wp:term":[{"taxonomy":"category","embeddable":true,"href":"https:\/\/www.agriatv.hu\/index.php?rest_route=%2Fwp%2Fv2%2Fcategories&post=25107"},{"taxonomy":"post_tag","embeddable":true,"href":"https:\/\/www.agriatv.hu\/index.php?rest_route=%2Fwp%2Fv2%2Ftags&post=25107"}],"curies":[{"name":"wp","href":"https:\/\/api.w.org\/{rel}","templated":true}]}}