{"id":25112,"date":"2024-10-05T06:23:02","date_gmt":"2024-10-05T06:23:02","guid":{"rendered":"https:\/\/www.agriatv.hu\/?p=25112"},"modified":"2024-10-05T06:23:03","modified_gmt":"2024-10-05T06:23:03","slug":"pincebe-zarta-az-idos-not-a-rablo","status":"publish","type":"post","link":"https:\/\/www.agriatv.hu\/?p=25112","title":{"rendered":"Pinc\u00e9be z\u00e1rta az id\u0151s n\u0151t a rabl\u00f3"},"content":{"rendered":"<div class=\"wp-block-image\">\n<figure class=\"alignleft is-resized\"><img decoding=\"async\" src=\"https:\/\/cdn.tenyek.hu\/media\/9\/92\/9218d62d4a9845b1ebc63dcfd5ba5a31.jpg\" alt=\"Media player poster frame\" style=\"width:210px;height:auto\"\/><\/figure>\n<\/div>\n\n\n<p>\u00c9vekre b\u00f6rt\u00f6nbe ker\u00fclhet az a 32 \u00e9ves tiszan\u00e1nai f\u00e9rfi, aki egy nyugd\u00edjas asszonyt rabolt ki m\u00e9g tavaly Jobb\u00e1gyiban. A n\u0151t vascs\u0151vel verte meg, majd a pinc\u00e9be z\u00e1rta, mik\u00f6zben kifosztotta a h\u00e1z\u00e1t. A szomsz\u00e9dos telep\u00fcl\u00e9sen is rabolt, majd egy kertben bujk\u00e1lt Apcon. Egy kutya buktatta le. Az \u00fcgyben most fejezt\u00e9k be a nyomoz\u00e1st, a f\u00e9rfi ellen hamarosan v\u00e1dat emelhetnek.<\/p>\n\n\n\n<div style=\"width: 100%; aspect-ratio: 16\/9; position: relative;\"><iframe src=\"https:\/\/tenyek.hu\/embed\/51466_pincebe-zarta-az-idos-not-a-rablo?autoplay=0\" frameborder=\"0\" allow=\"fullscreen; encrypted-media; autoplay\" style=\"width: 100%; height: 100%; position: absolute;\"><\/iframe><\/div>\n","protected":false},"excerpt":{"rendered":"<p>\u00c9vekre b\u00f6rt\u00f6nbe ker\u00fclhet az a 32 \u00e9ves tiszan\u00e1nai f\u00e9rfi, aki egy nyugd\u00edjas asszonyt rabolt ki m\u00e9g tavaly Jobb\u00e1gyiban. A n\u0151t vascs\u0151vel verte meg, majd a pinc\u00e9be z\u00e1rta, mik\u00f6zben kifosztotta a h\u00e1z\u00e1t. A szomsz\u00e9dos telep\u00fcl\u00e9sen is rabolt, majd egy kertben bujk\u00e1lt Apcon. Egy kutya buktatta le. Az \u00fcgyben most fejezt\u00e9k be a nyomoz\u00e1st, a f\u00e9rfi ellen [&#8230;]<\/p>\n","protected":false},"author":4,"featured_media":0,"comment_status":"open","ping_status":"closed","sticky":false,"template":"","format":"standard","meta":{"footnotes":""},"categories":[5],"tags":[3106,4379,1024,692,2152,3613],"class_list":["post-25112","post","type-post","status-publish","format-standard","hentry","category-kek-hirek","tag-jobbagyi","tag-kifosztotta","tag-pince","tag-rablas","tag-vademeles","tag-vascso"],"_links":{"self":[{"href":"https:\/\/www.agriatv.hu\/index.php?rest_route=\/wp\/v2\/posts\/25112","targetHints":{"allow":["GET"]}}],"collection":[{"href":"https:\/\/www.agriatv.hu\/index.php?rest_route=\/wp\/v2\/posts"}],"about":[{"href":"https:\/\/www.agriatv.hu\/index.php?rest_route=\/wp\/v2\/types\/post"}],"author":[{"embeddable":true,"href":"https:\/\/www.agriatv.hu\/index.php?rest_route=\/wp\/v2\/users\/4"}],"replies":[{"embeddable":true,"href":"https:\/\/www.agriatv.hu\/index.php?rest_route=%2Fwp%2Fv2%2Fcomments&post=25112"}],"version-history":[{"count":1,"href":"https:\/\/www.agriatv.hu\/index.php?rest_route=\/wp\/v2\/posts\/25112\/revisions"}],"predecessor-version":[{"id":25113,"href":"https:\/\/www.agriatv.hu\/index.php?rest_route=\/wp\/v2\/posts\/25112\/revisions\/25113"}],"wp:attachment":[{"href":"https:\/\/www.agriatv.hu\/index.php?rest_route=%2Fwp%2Fv2%2Fmedia&parent=25112"}],"wp:term":[{"taxonomy":"category","embeddable":true,"href":"https:\/\/www.agriatv.hu\/index.php?rest_route=%2Fwp%2Fv2%2Fcategories&post=25112"},{"taxonomy":"post_tag","embeddable":true,"href":"https:\/\/www.agriatv.hu\/index.php?rest_route=%2Fwp%2Fv2%2Ftags&post=25112"}],"curies":[{"name":"wp","href":"https:\/\/api.w.org\/{rel}","templated":true}]}}